{"id":1518,"date":"2013-11-04T10:48:02","date_gmt":"2013-11-04T10:48:02","guid":{"rendered":""},"modified":"2026-03-11T09:12:28","modified_gmt":"2026-03-11T14:12:28","slug":"revista-mision-premiaro-a-personas-e-instituciones-defensoras-de-la-vida-y-la-familia","status":"publish","type":"post","link":"https:\/\/ceas.org.pe\/index.php\/2013\/11\/04\/revista-mision-premiaro-a-personas-e-instituciones-defensoras-de-la-vida-y-la-familia\/","title":{"rendered":"Revista Misi\u00f3n premiar\u00f3 a personas e instituciones defensoras de la vida y la familia"},"content":{"rendered":"<p>El objetivo de los Premios Misi\u00f3n es reivindicar que la familia sea el motor de pol\u00edticas empresariales, econ\u00f3micas, sociales y culturales, y reconocer el testimonio de tantas personas que con su vida muestran que la familia \u201cs\u00ed importa\u201d. De ah\u00ed que desde hace tres a\u00f1os se celebren estos premios para impulsar el valor de la familia en la sociedad.<\/p>\n<p>Este a\u00f1o los galardonados son Fernando Ferr\u00edn Calamita, padre de 7 hijos y juez de profesi\u00f3n; por su valent\u00eda al proteger a la familia de los ataques de la ideolog\u00eda de g\u00e9nero aun poniendo en riesgo su carrera y su propia familia por defender la verdad.<\/p>\n<p>Como consecuencia, el juez de familia de Murcia ha sido inhabilitado hasta 2018 y suspendido de empleo y sueldo, por velar por el bienestar de una menor en un caso de adopci\u00f3n por parte de una pareja de lesbianas. A \u00e9l se le otorgar\u00e1 el \u201cPremio Persona\u201d.<\/p>\n<p>El \u201cPremio Familia\u201d se le conceder\u00e1 a la familia de Llano Varela, compuesta por Montse, Nacho y sus cinco hijos; por su testimonio de fe y uni\u00f3n familiar en medio de la enfermedad de Celia, la menor de la familia.<\/p>\n<p>La peque\u00f1a de 14 meses naci\u00f3 con una cardiopat\u00eda cong\u00e9nita que le ha llevado hasta Boston (Estados Unidos) para ser operada del coraz\u00f3n. Esta intervenci\u00f3n fue posible gracias al coraje y a la fe de esta familia que se ha movilizado en los medios de comunicaci\u00f3n y redes sociales (#AyudaparaCelia), para conseguir apoyo econ\u00f3mico y sobre todo, oraci\u00f3n para vivir con paz la enfermedad.<\/p>\n<p>La Federaci\u00f3n Espa\u00f1ola de Bancos de Alimentos ser\u00e1 galardonada con el \u201cPremio Instituci\u00f3n\u201d por su trabajo en la protecci\u00f3n de la familia a trav\u00e9s de campa\u00f1as de recogida y reparto de alimentos entre los que m\u00e1s est\u00e1n sufriendo las consecuencias de la crisis econ\u00f3mica.<\/p>\n<p>El \u201cPremio Comunicaci\u00f3n\u201d ser\u00e1 para Radio Mar\u00eda Espa\u00f1a, ya que seg\u00fan la revista Misi\u00f3n es un medio que gracias a cientos de voluntarios, difunde de forma masiva los valores familiares a trav\u00e9s de las ondas.<\/p>\n<p>La empresa de mensajer\u00eda MRW, recibir\u00e1 el \u201cPremio Empresa\u201d ya que gracias a su programa beneficia a las familias numerosas. Tambi\u00e9n se trata de una empresa que se ha distinguido por trabajar en la creaci\u00f3n de una cultura empresarial que permita a sus empleados la conciliaci\u00f3n de vida familiar, laboral y social.<\/p>\n<p>Este a\u00f1o la revista Misi\u00f3n otorga tambi\u00e9n una Menci\u00f3n Especial a la iniciativa p\u00fablica en defensa de la Familia. Esta ser\u00e1 entregada a la Red Madrile\u00f1a de Municipios por la familia, de la cual forman parte m\u00e1s de 20 municipios de la Comunidad de Madrid. La iniciativa, promovida por la Universidad Francisco de Vitoria y la Fundaci\u00f3n Altius, es un foro en el cual los concejales de familia de los municipios se brindan apoyo unos a otros en la promoci\u00f3n de pol\u00edticas a favor de la familia. <strong>(Fuente ACI\/EWTN Noticias)<br \/>\n<\/strong><\/p>\n<p><a href=\"http:\/\/web.hilo.org.pe\/wp-content\/uploads\/pppremiosmision.jpg\" target=\"_blank\" rel=\"noopener\">Ver archivo adjunto<\/a><\/p>\n","protected":false},"excerpt":{"rendered":"<p>La revista Misi?n otorgar? este lunes los 3? Premios Misi?n a la Familia, unos premios que tienen el fin de valorar el trabajo de personas, empresas e instituciones que reconocen en la familia un valor esencial para impulsar la sociedad.<\/p>\n","protected":false},"author":1,"featured_media":7848,"comment_status":"closed","ping_status":"closed","sticky":false,"template":"","format":"standard","meta":{"footnotes":""},"categories":[9],"tags":[],"class_list":["post-1518","post","type-post","status-publish","format-standard","has-post-thumbnail","hentry","category-noticias"],"_links":{"self":[{"href":"https:\/\/ceas.org.pe\/index.php\/wp-json\/wp\/v2\/posts\/1518","targetHints":{"allow":["GET"]}}],"collection":[{"href":"https:\/\/ceas.org.pe\/index.php\/wp-json\/wp\/v2\/posts"}],"about":[{"href":"https:\/\/ceas.org.pe\/index.php\/wp-json\/wp\/v2\/types\/post"}],"author":[{"embeddable":true,"href":"https:\/\/ceas.org.pe\/index.php\/wp-json\/wp\/v2\/users\/1"}],"replies":[{"embeddable":true,"href":"https:\/\/ceas.org.pe\/index.php\/wp-json\/wp\/v2\/comments?post=1518"}],"version-history":[{"count":1,"href":"https:\/\/ceas.org.pe\/index.php\/wp-json\/wp\/v2\/posts\/1518\/revisions"}],"predecessor-version":[{"id":7700,"href":"https:\/\/ceas.org.pe\/index.php\/wp-json\/wp\/v2\/posts\/1518\/revisions\/7700"}],"wp:featuredmedia":[{"embeddable":true,"href":"https:\/\/ceas.org.pe\/index.php\/wp-json\/wp\/v2\/media\/7848"}],"wp:attachment":[{"href":"https:\/\/ceas.org.pe\/index.php\/wp-json\/wp\/v2\/media?parent=1518"}],"wp:term":[{"taxonomy":"category","embeddable":true,"href":"https:\/\/ceas.org.pe\/index.php\/wp-json\/wp\/v2\/categories?post=1518"},{"taxonomy":"post_tag","embeddable":true,"href":"https:\/\/ceas.org.pe\/index.php\/wp-json\/wp\/v2\/tags?post=1518"}],"curies":[{"name":"wp","href":"https:\/\/api.w.org\/{rel}","templated":true}]}}