{"id":1513,"date":"2013-10-31T12:05:36","date_gmt":"2013-10-31T12:05:36","guid":{"rendered":""},"modified":"2026-03-11T09:12:28","modified_gmt":"2026-03-11T14:12:28","slug":"el-papa-convoca-a-su-primer-consistorio-para-febrero-del-2014","status":"publish","type":"post","link":"https:\/\/ceas.org.pe\/index.php\/2013\/10\/31\/el-papa-convoca-a-su-primer-consistorio-para-febrero-del-2014\/","title":{"rendered":"El Papa convoca a su primer consistorio para febrero del 2014"},"content":{"rendered":"<p>El Padre Lombardi indic\u00f3 que \u201ccon ocasi\u00f3n de la reuni\u00f3n del \u2018Consejo de cardenales\u2019 que tuvo lugar a primeros del pasado mes de octubre ( del 1 al 3) y en la reuni\u00f3n sucesiva del Consejo del S\u00ednodo (7 y 8 de octubre), el Papa inform\u00f3 a los participantes de su intenci\u00f3n de convocar un consistorio para la creaci\u00f3n de nuevos cardenales en ocasi\u00f3n de la fiesta de la C\u00e1tedra de San Pedro (22 de febrero)\u201d.<\/p>\n<p>\u201cEl Papa Francisco decidi\u00f3 comunicar con tiempo su decisi\u00f3n de convocar dicho consistorio para facilitar tambi\u00e9n la programaci\u00f3n de las otras reuniones en las que participan cardenales de diversas partes del mundo\u201d, dijo.<\/p>\n<p>El portavoz del Vaticano se\u00f1al\u00f3 adem\u00e1s que \u201ces previsible que el Papa quiera que el consistorio est\u00e9 precedido -como hicieron otras veces sus predecesores- por una reuni\u00f3n del colegio cardenalicio\u201d.<\/p>\n<p>\u201cAntes de dicha reuni\u00f3n, se prev\u00e9 que del 17 al 18 de febrero, tendr\u00e1 lugar la tercera reuni\u00f3n del Consejo de cardenales (llamado \u2018de los ocho cardenales\u2019), mientras despu\u00e9s del consistorio, los d\u00edas 24 y 25, se reunir\u00e1 el Consejo del S\u00ednodo\u201d.<\/p>\n<p>\u201cDe igual modo, es probable que la pr\u00f3xima reuni\u00f3n del Consejo de los cardenales para los problemas econ\u00f3micos y organizativos de la Santa Sede ( el llamado \u2018Consejo de los 15\u2019), se lleve a cabo, como los otros a\u00f1os en el mes de febrero, quiz\u00e1s durante la semana anterior\u201d, concluy\u00f3 el Padre Lombardi.<strong>(Fuente: www.aciprensa.com)<\/strong><\/p>\n<p><a href=\"http:\/\/web.hilo.org.pe\/wp-content\/uploads\/papa-consistorio.jpg\" target=\"_blank\" rel=\"noopener\">Ver archivo adjunto<\/a><\/p>\n","protected":false},"excerpt":{"rendered":"<p>El Padre Federico Lombardi, Director de la Oficina de Prensa de la Santa Sede, anunci? hoy que el Papa Francisco dispuso convocar a un Consistorio el 22 de febrero de 2014, para la creaci?n de nuevos cardenales.<\/p>\n","protected":false},"author":1,"featured_media":7848,"comment_status":"closed","ping_status":"closed","sticky":false,"template":"","format":"standard","meta":{"footnotes":""},"categories":[9],"tags":[],"class_list":["post-1513","post","type-post","status-publish","format-standard","has-post-thumbnail","hentry","category-noticias"],"_links":{"self":[{"href":"https:\/\/ceas.org.pe\/index.php\/wp-json\/wp\/v2\/posts\/1513","targetHints":{"allow":["GET"]}}],"collection":[{"href":"https:\/\/ceas.org.pe\/index.php\/wp-json\/wp\/v2\/posts"}],"about":[{"href":"https:\/\/ceas.org.pe\/index.php\/wp-json\/wp\/v2\/types\/post"}],"author":[{"embeddable":true,"href":"https:\/\/ceas.org.pe\/index.php\/wp-json\/wp\/v2\/users\/1"}],"replies":[{"embeddable":true,"href":"https:\/\/ceas.org.pe\/index.php\/wp-json\/wp\/v2\/comments?post=1513"}],"version-history":[{"count":1,"href":"https:\/\/ceas.org.pe\/index.php\/wp-json\/wp\/v2\/posts\/1513\/revisions"}],"predecessor-version":[{"id":7705,"href":"https:\/\/ceas.org.pe\/index.php\/wp-json\/wp\/v2\/posts\/1513\/revisions\/7705"}],"wp:featuredmedia":[{"embeddable":true,"href":"https:\/\/ceas.org.pe\/index.php\/wp-json\/wp\/v2\/media\/7848"}],"wp:attachment":[{"href":"https:\/\/ceas.org.pe\/index.php\/wp-json\/wp\/v2\/media?parent=1513"}],"wp:term":[{"taxonomy":"category","embeddable":true,"href":"https:\/\/ceas.org.pe\/index.php\/wp-json\/wp\/v2\/categories?post=1513"},{"taxonomy":"post_tag","embeddable":true,"href":"https:\/\/ceas.org.pe\/index.php\/wp-json\/wp\/v2\/tags?post=1513"}],"curies":[{"name":"wp","href":"https:\/\/api.w.org\/{rel}","templated":true}]}}