{"id":1506,"date":"2013-10-28T14:13:24","date_gmt":"2013-10-28T14:13:24","guid":{"rendered":""},"modified":"2026-03-11T09:12:28","modified_gmt":"2026-03-11T14:12:28","slug":"el-papa-francisco-rezar-juntos-en-familia-da-mucha-fuerza","status":"publish","type":"post","link":"https:\/\/ceas.org.pe\/index.php\/2013\/10\/28\/el-papa-francisco-rezar-juntos-en-familia-da-mucha-fuerza\/","title":{"rendered":"El Papa Francisco: \u00abRezar juntos en familia da mucha fuerza\u00bb"},"content":{"rendered":"<p>\u00a0<\/p>\n<div style=\"text-align: justify; line-height: normal\"><b><span style=\"color: black\">28 de octubre, 2013 (Romereports.com)<\/span><\/b><span style=\"color: black\">\u00a0M\u00e1s de <b>100.000 personas<\/b> de todo el mundo acudieron el domingo a San Pedro a la <b>Jornada de la Familia<\/b>, uno de los grandes eventos del <b>A\u00f1o de la Fe<\/b>. Antes de comenzar la Misa, Francisco ech\u00f3 un vistazo a su reloj para comprobar que todo iba seg\u00fan el plan. \u00a0 \u00a0\u00a0<\/p>\n<p>En su <b>homil\u00eda<\/b>, <b>el Papa<\/b> traz\u00f3 una l\u00ednea entre <b>oraci\u00f3n y humildad<\/b>: s\u00f3lo es humilde, explic\u00f3, el que reconoce que necesita a Dios.\u00a0 <\/span><\/div>\n<div style=\"text-align: justify; line-height: normal; margin: 0cm 0cm 3pt\">\u00a0<\/div>\n<div style=\"text-align: justify; line-height: normal; margin: 0cm 0cm 3pt\"><b><span style=\"color: black\">PAPA FRANCISCO\u00a0<\/span><\/b><\/div>\n<div style=\"text-align: justify; line-height: normal; margin: 0cm 0cm 3pt\"><i><span style=\"color: black\">\u201cTodas las familias necesitan a Dios. Todas, todas. Necesitan su ayuda, su fuerza, su bendici\u00f3n, su misericordia, su perd\u00f3n. Y se necesita sencillez. Para rezar en familia se necesita sencillez\u201d.\u00a0 <\/span><\/i><\/div>\n<div style=\"text-align: justify; line-height: normal; margin: 0cm 0cm 3pt\">\u00a0<\/div>\n<div style=\"text-align: justify; line-height: normal; margin: 0cm 0cm 3pt\"><b><span style=\"color: black\">Francisco <\/span><\/b><span style=\"color: black\">tambi\u00e9n record\u00f3 a <b>San Pablo<\/b>, quien dijo que para <b>conservar la fe<\/b> hay que <b>compartirla<\/b>. Por eso, el Papa invit\u00f3 a las familias a <b>no abandonar la oraci\u00f3<\/b>n, aun cuando les falte tiempo.\u00a0<\/span><\/div>\n<div style=\"text-align: justify; line-height: normal; margin: 0cm 0cm 3pt\">\u00a0<\/div>\n<div style=\"text-align: justify; line-height: normal; margin: 0cm 0cm 3pt\"><b><span style=\"color: black\">PAPA FRANCISCO\u00a0<\/span><\/b><\/div>\n<div style=\"text-align: justify; line-height: normal; margin: 0cm 0cm 3pt\"><i><span style=\"color: black\">\u201cRezar juntos el Padrenuestro en la mesa no es algo extraordinario, es f\u00e1cil. Rezar juntos el rosario es bello y da mucha fuerza. Y tambi\u00e9n rezar el uno por el otro, el marido por la mujer, la mujer por el marido, y los dos por los hijos. Y los hijos por los padres y los abuelos. Rezar el uno por el otro\u201d.\u00a0<\/span><\/i><\/div>\n<div style=\"text-align: justify; line-height: normal; margin: 0cm 0cm 3pt\">\u00a0<\/div>\n<div style=\"text-align: justify; line-height: normal; margin: 0cm 0cm 3pt\"><b><span style=\"color: black\">Francisco <\/span><\/b><span style=\"color: black\">describi\u00f3 a las familias cristianas como<b> familias misioneras<\/b>. Muchas veces, matiz\u00f3, <b>transmitir la fe<\/b> se reduce a <b>expresar alegr\u00eda en el d\u00eda a d\u00eda<\/b>.\u00a0<\/span><\/div>\n<div style=\"text-align: justify; line-height: normal; margin: 0cm 0cm 3pt\">\u00a0<\/div>\n<div style=\"text-align: justify; line-height: normal; margin: 0cm 0cm 3pt\"><span style=\"color: black\">Al final de la Misa, <b>Francisco rez\u00f3 <\/b>ante una <b>imagen de la Sagrada Familia<\/b>, y pidi\u00f3 a Dios que despierte de nuevo la conciencia del <b>papel sagrado e irreemplazable<\/b> de la familia.\u00a0<\/span><\/div>\n<p><a href=\"http:\/\/web.hilo.org.pe\/wp-content\/uploads\/familia.jpg\" target=\"_blank\" rel=\"noopener\">Ver archivo adjunto<\/a><\/p>\n","protected":false},"excerpt":{"rendered":"<p>28 de octubre, 2013 M?s de 100.000 personas de todo el mundo acudieron el domingo a San Pedro a la Jornada de la Familia, uno de los grandes eventos del A?o de la Fe. Antes de comenzar la Misa, Francisco ech? un vistazo a su reloj para comprobar que todo iba seg?n el plan.<\/p>\n","protected":false},"author":1,"featured_media":7855,"comment_status":"closed","ping_status":"closed","sticky":false,"template":"","format":"standard","meta":{"footnotes":""},"categories":[9],"tags":[],"class_list":["post-1506","post","type-post","status-publish","format-standard","has-post-thumbnail","hentry","category-noticias"],"_links":{"self":[{"href":"https:\/\/ceas.org.pe\/index.php\/wp-json\/wp\/v2\/posts\/1506","targetHints":{"allow":["GET"]}}],"collection":[{"href":"https:\/\/ceas.org.pe\/index.php\/wp-json\/wp\/v2\/posts"}],"about":[{"href":"https:\/\/ceas.org.pe\/index.php\/wp-json\/wp\/v2\/types\/post"}],"author":[{"embeddable":true,"href":"https:\/\/ceas.org.pe\/index.php\/wp-json\/wp\/v2\/users\/1"}],"replies":[{"embeddable":true,"href":"https:\/\/ceas.org.pe\/index.php\/wp-json\/wp\/v2\/comments?post=1506"}],"version-history":[{"count":1,"href":"https:\/\/ceas.org.pe\/index.php\/wp-json\/wp\/v2\/posts\/1506\/revisions"}],"predecessor-version":[{"id":7712,"href":"https:\/\/ceas.org.pe\/index.php\/wp-json\/wp\/v2\/posts\/1506\/revisions\/7712"}],"wp:featuredmedia":[{"embeddable":true,"href":"https:\/\/ceas.org.pe\/index.php\/wp-json\/wp\/v2\/media\/7855"}],"wp:attachment":[{"href":"https:\/\/ceas.org.pe\/index.php\/wp-json\/wp\/v2\/media?parent=1506"}],"wp:term":[{"taxonomy":"category","embeddable":true,"href":"https:\/\/ceas.org.pe\/index.php\/wp-json\/wp\/v2\/categories?post=1506"},{"taxonomy":"post_tag","embeddable":true,"href":"https:\/\/ceas.org.pe\/index.php\/wp-json\/wp\/v2\/tags?post=1506"}],"curies":[{"name":"wp","href":"https:\/\/api.w.org\/{rel}","templated":true}]}}