{"id":1501,"date":"2013-10-24T09:20:38","date_gmt":"2013-10-24T09:20:38","guid":{"rendered":""},"modified":"2026-03-11T09:12:28","modified_gmt":"2026-03-11T14:12:28","slug":"ninguna-celda-esto-tan-aislada-como-para-excluir-al-seoor","status":"publish","type":"post","link":"https:\/\/ceas.org.pe\/index.php\/2013\/10\/24\/ninguna-celda-esto-tan-aislada-como-para-excluir-al-seoor\/","title":{"rendered":"\u00abNinguna celda est\u00f3 tan aislada como para excluir al Se\u00f3or\u00bb"},"content":{"rendered":"<p>\nEl papa ha querido enviar su saludo a los detenidos a trav\u00e9s de los presentes y le ha pedido que \u00abpor favor, decidle que rezo por ellos, les tengo en el coraz\u00f3n\u00bb, \u00abrezo al Se\u00f1or y a la Virgen para\u00a0 que puedan superar positivamente este periodo dif\u00edcil de su vida. Que no\u00a0 se desanimen, que no se cierren\u00bb.<\/p>\n<p>Es necesario decirles que el Se\u00f1or les est\u00e1 cerca, ha dicho el papa. \u00abPero hay que decirselo con los gestos, con las palabras, con el coraz\u00f3n, que el Se\u00f1or no se queda afuera de su celda, no se queda afuera de la c\u00e1rcel: est\u00e1 dentro est\u00e1 all\u00ed. D\u00edganle esto: el Se\u00f1or est\u00e1 dentro con ellos; tambi\u00e9n \u00c9l es un preso, a\u00fan, \u00bfeh?, de nuestros ego\u00edsmos, de nuestros sistemas, de tantas injusticias que son f\u00e1ciles para castigar al m\u00e1s d\u00e9bil \u00bfno? Pero los peces gordos nadan libremente en las aguas, \u00bfno? Ninguna celda est\u00e1 tan aislada como para excluir al Se\u00f1or, ninguna: \u00c9l est\u00e1 all\u00ed, llora con ellos, trabaja con ellos, espera con ellos\u00bb.<\/p>\n<p>El santo padre ha continuado recordando que el amor paterno y materno de Dios llega a todas partes, y ha a\u00f1adido que reza\u00bbpara que cada uno abra el coraz\u00f3n a este amor del Se\u00f1or\u00bb. Francisco ha contado que \u00abaqu\u00ed, de vez en cuando llamo a alguno de aquellos de Buenos Aires que conozco, que est\u00e1n en la c\u00e1rcel, el domingo, y charlo un rato. Despu\u00e9s, cuando termino, pienso: \u00ab\u00bfpor qu\u00e9 \u00e9l y yo no, que tengo tantos m\u00e9ritos o a\u00fan m\u00e1s que \u00e9l para estar all\u00ed?\u00bb Y eso me hace bien \u00bfeh? \u00bfPor qu\u00e9 \u00e9l ha ca\u00eddo y yo no? Porque las debilidades que tenemos, son las mismas y para m\u00ed es un misterio que me hace rezar y me hace acerarme a ellos\u00bb.<\/p>\n<p>El pont\u00edfice tambi\u00e9n ha rezado por los capellanes y por su ministerio, \u00abque no es f\u00e1cil, sino que es muy duro y muy importante, porque\u00a0 expresa una de las obras de misericordia\u00a0 y hace\u00a0 visible esa presencia del Se\u00f1or en la c\u00e1rcel\u00bb . A los capellanes les ha dicho el papa \u00abvosotros sois signos de la cercan\u00eda de Cristo a estos hermanos que tienen necesidad de esperanza\u00bb y ha a\u00f1adido que \u00abrecientemente ustedes han hablado de un justicia de reconciliaci\u00f3n \u00bfno? Tambi\u00e9n una justicia de esperanza, de puertas abiertas, de horizontes&#8230;. Esta no es una utop\u00eda, se puede hacer. No es f\u00e1cil porque nuestras debilidades est\u00e1n por todas partes, tambi\u00e9n el demonio est\u00e1 por todas partes, las tentaciones est\u00e1n por todas partes&#8230; pero siembre buscar eso, \u00bfno?<br \/>\n\u00a0<\/p>\n<p><a href=\"http:\/\/web.hilo.org.pe\/wp-content\/uploads\/pastoral-penitenciaria.jpg\" target=\"_blank\" rel=\"noopener\">Ver archivo adjunto<\/a><\/p>\n","protected":false},"excerpt":{"rendered":"<p>CIUDAD DEL VATICANO, (Zenit.org) &#8211; El santo padre se ha reunido esta ma?ana con unos 200 participantes del Congreso Internacional de los capellanes de las c?rceles italianas  sobre el tema \u00abJusticia: pena o reconciliaci?n. Libres para liberar\u00bb.<\/p>\n","protected":false},"author":1,"featured_media":0,"comment_status":"closed","ping_status":"closed","sticky":false,"template":"","format":"standard","meta":{"footnotes":""},"categories":[9],"tags":[],"class_list":["post-1501","post","type-post","status-publish","format-standard","hentry","category-noticias"],"_links":{"self":[{"href":"https:\/\/ceas.org.pe\/index.php\/wp-json\/wp\/v2\/posts\/1501","targetHints":{"allow":["GET"]}}],"collection":[{"href":"https:\/\/ceas.org.pe\/index.php\/wp-json\/wp\/v2\/posts"}],"about":[{"href":"https:\/\/ceas.org.pe\/index.php\/wp-json\/wp\/v2\/types\/post"}],"author":[{"embeddable":true,"href":"https:\/\/ceas.org.pe\/index.php\/wp-json\/wp\/v2\/users\/1"}],"replies":[{"embeddable":true,"href":"https:\/\/ceas.org.pe\/index.php\/wp-json\/wp\/v2\/comments?post=1501"}],"version-history":[{"count":1,"href":"https:\/\/ceas.org.pe\/index.php\/wp-json\/wp\/v2\/posts\/1501\/revisions"}],"predecessor-version":[{"id":7717,"href":"https:\/\/ceas.org.pe\/index.php\/wp-json\/wp\/v2\/posts\/1501\/revisions\/7717"}],"wp:attachment":[{"href":"https:\/\/ceas.org.pe\/index.php\/wp-json\/wp\/v2\/media?parent=1501"}],"wp:term":[{"taxonomy":"category","embeddable":true,"href":"https:\/\/ceas.org.pe\/index.php\/wp-json\/wp\/v2\/categories?post=1501"},{"taxonomy":"post_tag","embeddable":true,"href":"https:\/\/ceas.org.pe\/index.php\/wp-json\/wp\/v2\/tags?post=1501"}],"curies":[{"name":"wp","href":"https:\/\/api.w.org\/{rel}","templated":true}]}}