{"id":1500,"date":"2013-10-24T09:16:41","date_gmt":"2013-10-24T09:16:41","guid":{"rendered":""},"modified":"2026-03-11T09:12:28","modified_gmt":"2026-03-11T14:12:28","slug":"mos-de-150-mil-familias-se-reonen-en-la-jornada-mundial-en-roma","status":"publish","type":"post","link":"https:\/\/ceas.org.pe\/index.php\/2013\/10\/24\/mos-de-150-mil-familias-se-reonen-en-la-jornada-mundial-en-roma\/","title":{"rendered":"M\u00f3s de 150 mil familias se re\u00f3nen en la Jornada Mundial en Roma"},"content":{"rendered":"<p>\nEl arzobispo Vincenzo Paglia, presidente del Consejo Pontificio de la Familia, ha explicado en una entrevista a Radio Vaticana, que esta Carta de los Derechos de la Familia, es defendida y valorizada \u00abpara que no olvidemos que la familia como sujeto jur\u00eddico es una dimensi\u00f3n que traspasa los siglos, no es que haya nacido antes de ayer o hace cien a\u00f1os. Hay una dimensi\u00f3n que atraviesa la historia, que ha hecho de la familia el primer lugar en el que se aprende a estar juntos: es el primer nosotros\u00bb.<\/p>\n<p>Por otro lado, el prelado ha explicado que junto a los temas de los que se hablar\u00e1n en el Congreso estar\u00e1 el discernimiento o el enfoque, el encuentro con la sociedad que pide tambi\u00e9n una l\u00f3gica cient\u00edfica, jur\u00eddica, sociol\u00f3gica para comprender los distintos aspectos.\u00a0 <\/p>\n<p>El fin de semana, las propias familias ser\u00e1n protagonistas. Acudir\u00e1n a Roma entre 150 ml y 200 mil familias procedentes de m\u00e1s de 75 pa\u00edses. \u00abManifestar\u00e1n la alegr\u00eda de ser, precisamente, familias cristianas, que no quiere decir que no haya problemas, dolores, dificultades. Las familias que vienen aqu\u00ed, sin embargo, quieren decir que la alegr\u00eda y la belleza de la familia vale la pena tambi\u00e9n por encima de todos los problemas que pueda haber. Es la alegr\u00eda m\u00e1s grande\u00bb.<\/p>\n<p><strong>PROGRAMA de la Jornada Mundial de la Familia<\/strong><br \/>\nEl s\u00e1bado 26 de octubre <br \/>\n14 horas: apertura de la plaza de San Pedro<br \/>\n\u00a0\u00a0\u00a0\u00a0\u00a0\u00a0\u00a0\u00a0\u00a0\u00a0\u00a0\u00a0\u00a0 Reflexiones, m\u00fasica y testimonios.<br \/>\n17.00 horas: encuentro con el Santo Padre y profesi\u00f3n de fe<br \/>\nDomingo 27 de octubre<br \/>\n09.30 horas. Rezo del santo Rosario en la Plaza de San Pedro<br \/>\n10 horas. Solemne celebraci\u00f3n eucaristica en la plaza de San Pedro presidida por el Santo Padre<br \/>\nA las 12 horas o al concluir la misa, en la oraci\u00f3n del \u00e1ngelus. (Zenit.org) <\/p>\n<p><a href=\"http:\/\/web.hilo.org.pe\/wp-content\/uploads\/papa_francisco_familias.jpg\" target=\"_blank\" rel=\"noopener\">Ver archivo adjunto<\/a><\/p>\n","protected":false},"excerpt":{"rendered":"<p>El mi?rcoles inici? la Asamblea Plenaria del Pontificio Consejo para la Familia en Roma. Ser?n tres jornadas dedicadas al estudio y al debate en el 30 aniversario de la Carta de los Derechos de la familia, publicada por este dicasterio. El encuentro abierto al p?blico, se ha desarrollado sobre el tema : Nuevos horizontes antropol?gicos y derecho de la familia. Para continuar este evento, el fin de semana se celebra la peregrinaci?n internacional de las familias a la tumba de san Pedro<\/p>\n","protected":false},"author":1,"featured_media":7890,"comment_status":"closed","ping_status":"closed","sticky":false,"template":"","format":"standard","meta":{"footnotes":""},"categories":[9],"tags":[],"class_list":["post-1500","post","type-post","status-publish","format-standard","has-post-thumbnail","hentry","category-noticias"],"_links":{"self":[{"href":"https:\/\/ceas.org.pe\/index.php\/wp-json\/wp\/v2\/posts\/1500","targetHints":{"allow":["GET"]}}],"collection":[{"href":"https:\/\/ceas.org.pe\/index.php\/wp-json\/wp\/v2\/posts"}],"about":[{"href":"https:\/\/ceas.org.pe\/index.php\/wp-json\/wp\/v2\/types\/post"}],"author":[{"embeddable":true,"href":"https:\/\/ceas.org.pe\/index.php\/wp-json\/wp\/v2\/users\/1"}],"replies":[{"embeddable":true,"href":"https:\/\/ceas.org.pe\/index.php\/wp-json\/wp\/v2\/comments?post=1500"}],"version-history":[{"count":1,"href":"https:\/\/ceas.org.pe\/index.php\/wp-json\/wp\/v2\/posts\/1500\/revisions"}],"predecessor-version":[{"id":7718,"href":"https:\/\/ceas.org.pe\/index.php\/wp-json\/wp\/v2\/posts\/1500\/revisions\/7718"}],"wp:featuredmedia":[{"embeddable":true,"href":"https:\/\/ceas.org.pe\/index.php\/wp-json\/wp\/v2\/media\/7890"}],"wp:attachment":[{"href":"https:\/\/ceas.org.pe\/index.php\/wp-json\/wp\/v2\/media?parent=1500"}],"wp:term":[{"taxonomy":"category","embeddable":true,"href":"https:\/\/ceas.org.pe\/index.php\/wp-json\/wp\/v2\/categories?post=1500"},{"taxonomy":"post_tag","embeddable":true,"href":"https:\/\/ceas.org.pe\/index.php\/wp-json\/wp\/v2\/tags?post=1500"}],"curies":[{"name":"wp","href":"https:\/\/api.w.org\/{rel}","templated":true}]}}