{"id":1499,"date":"2013-10-23T14:38:51","date_gmt":"2013-10-23T14:38:51","guid":{"rendered":""},"modified":"2026-03-11T09:12:28","modified_gmt":"2026-03-11T14:12:28","slug":"obispos-de-pero-bolivia-y-chile-emiten-declaracion-conjunta-ode-cara-a-una-autontica-integraciono","status":"publish","type":"post","link":"https:\/\/ceas.org.pe\/index.php\/2013\/10\/23\/obispos-de-pero-bolivia-y-chile-emiten-declaracion-conjunta-ode-cara-a-una-autontica-integraciono\/","title":{"rendered":"Obispos de Per\u00f3, Bolivia y Chile emiten declaraci\u00f3n conjunta \u00f3de cara a una aut\u00f3ntica integraci\u00f3n\u00f3"},"content":{"rendered":"<p>Esta semana, los obispos de los Consejos Permanentes de las Conferencias Episcopales de Bolivia, Chile y Per\u00fa se reunieron en La Paz \u2013 Bolivia para participar en la V Reuni\u00f3n Tripartita.<\/p>\n<div>Por el Per\u00fa, participaron: Monse\u00f1or Salvador Pi\u00f1eiro Garc\u00eda Calder\u00f3n, Arzobispo de Ayacucho y Presidente de la Conferencia Episcopal Peruana; Monse\u00f1or Pedro Barreto Jimeno, SJ., Arzobispo de Huancayo y Primer Vice- Presidente del Episcopado Peruano; Monse\u00f1or Lino Panizza Richero, OFM Cap., Obispo de Carabayllo y Secretario General de la CEP; Monse\u00f1or \u00c1ngel Francisco Sim\u00f3n Piorno, Obispo de Chimbote, Presidente del Comit\u00e9 Econ\u00f3mico y miembro del Consejo Permanente, y Monse\u00f1or Guillermo Inca Pereda, OSJ., Administrador Apost\u00f3lico del Obispado Castrense y Secretario General Adjunto del Episcopado Peruano.<\/div>\n<div>\u00a0<\/div>\n<div>Al final del encuentro, se public\u00f3 un comunicado conjunto de los Consejos Permanentes de las Conferencias Episcopales de Bolivia, Chile y Per\u00fa, titulado: <b><i>\u201cDe cara a una aut\u00e9ntica integraci\u00f3n\u201d<\/i><\/b>, donde agradecen a Dios \u201cpor\u00a0 la experiencia de comuni\u00f3n y de fraternidad que caracteriza las relaciones mutuas y las de nuestras iglesias\u201d.<\/div>\n<div>\u00a0<\/div>\n<div><i>\u201cSomos una unidad geogr\u00e1fica y cultural que la gente de nuestros pueblos sabe reconocer y expresar a trav\u00e9s de tantos signos de integraci\u00f3n, relaciones interpersonales y muestras de religiosidad popular que traspasan las fronteras y que son una lecci\u00f3n que estos d\u00edas hemos constatado e intentado aprender y practicar\u201d<\/i>, dice el Comunicado.<\/div>\n<div>\u00a0<\/div>\n<div>Los Obispos renovaron su compromiso de fomentar la integraci\u00f3n de los tres pa\u00edses propiciando, entre otras cosas, que las universidades cat\u00f3licas impulsen en sus estudios e investigaciones la cultura del encuentro. <i>\u201cQueremos facilitar el conocimiento mutuo y\u00a0 el compartir de experiencias para realizar un aporte cr\u00edtico a la superaci\u00f3n de las ideolog\u00edas nacionalistas e ir acabando con lo que todav\u00eda puede separarnos. Cuanto m\u00e1s nos conozcamos mutuamente, mayores posibilidades de caminar juntos tendremos\u201d<\/i>, dicen.<\/div>\n<div>\u00a0<\/div>\n<div>De igual forma, durante estos d\u00edas de encuentro pudieron analizar realidades preocupantes como el aumento del narcotr\u00e1fico, que destruye la dignidad y la vida de nuestros pueblos, as\u00ed como los desaf\u00edos y oportunidades pastorales que plantea la realidad de la migraci\u00f3n y la persistente situaci\u00f3n de marginaci\u00f3n de los m\u00e1s pobres. Asimismo, reafirmaron el valor de la familia y mostraron su preocupaci\u00f3n por\u00a0 la desatenci\u00f3n y abandono en que viven nuestros j\u00f3venes, que est\u00e1 generando mucho sufrimiento y una fuerte crisis de valores. Por ello, reafirmaron su opci\u00f3n de caminar con los j\u00f3venes \u201cofreciendo el Evangelio, de forma siempre renovada, como proyecto de vida lograda y la vida sacerdotal y consagrada como caminos de amor pleno\u201d.<\/div>\n<div>\u00a0<\/div>\n<div><i>(\u2026) \u201cInvitamos a todos los cat\u00f3licos y personas de buena voluntad de nuestros pa\u00edses: pol\u00edticos, empresarios, profesores, profesionales y a cada uno en particular, a ejercer nuestra responsabilidad\u00a0 como instrumentos de integraci\u00f3n, justicia y unidad entre nuestros pueblos. Dios los bendiga y la Virgen Mar\u00eda, en las diversas advocaciones en que la veneramos, nos ayude en este camino\u201d<\/i>, concluye el mensaje.<\/div>\n<div>\u00a0<\/div>\n<div align=\"right\">Con el ruego de su difusi\u00f3n<\/div>\n<div align=\"right\">\u00a0<\/div>\n<div align=\"right\">Oficina de Prensa<\/div>\n<div>\u00a0<\/div>\n<div>Lima, 23 de Octubre de 2013<\/div>\n<p><a href=\"http:\/\/web.hilo.org.pe\/wp-content\/uploads\/Declaracion conjunta.JPG\" target=\"_blank\" rel=\"noopener\">Ver archivo adjunto<\/a><\/p>\n","protected":false},"excerpt":{"rendered":"<p>Esta semana, los obispos de los Consejos Permanentes de las Conferencias Episcopales de Bolivia, Chile y Per? se reunieron en La Paz ? Bolivia para participar en la V Reuni?n Tripartita.<\/p>\n","protected":false},"author":1,"featured_media":7854,"comment_status":"closed","ping_status":"closed","sticky":false,"template":"","format":"standard","meta":{"footnotes":""},"categories":[9],"tags":[],"class_list":["post-1499","post","type-post","status-publish","format-standard","has-post-thumbnail","hentry","category-noticias"],"_links":{"self":[{"href":"https:\/\/ceas.org.pe\/index.php\/wp-json\/wp\/v2\/posts\/1499","targetHints":{"allow":["GET"]}}],"collection":[{"href":"https:\/\/ceas.org.pe\/index.php\/wp-json\/wp\/v2\/posts"}],"about":[{"href":"https:\/\/ceas.org.pe\/index.php\/wp-json\/wp\/v2\/types\/post"}],"author":[{"embeddable":true,"href":"https:\/\/ceas.org.pe\/index.php\/wp-json\/wp\/v2\/users\/1"}],"replies":[{"embeddable":true,"href":"https:\/\/ceas.org.pe\/index.php\/wp-json\/wp\/v2\/comments?post=1499"}],"version-history":[{"count":1,"href":"https:\/\/ceas.org.pe\/index.php\/wp-json\/wp\/v2\/posts\/1499\/revisions"}],"predecessor-version":[{"id":7719,"href":"https:\/\/ceas.org.pe\/index.php\/wp-json\/wp\/v2\/posts\/1499\/revisions\/7719"}],"wp:featuredmedia":[{"embeddable":true,"href":"https:\/\/ceas.org.pe\/index.php\/wp-json\/wp\/v2\/media\/7854"}],"wp:attachment":[{"href":"https:\/\/ceas.org.pe\/index.php\/wp-json\/wp\/v2\/media?parent=1499"}],"wp:term":[{"taxonomy":"category","embeddable":true,"href":"https:\/\/ceas.org.pe\/index.php\/wp-json\/wp\/v2\/categories?post=1499"},{"taxonomy":"post_tag","embeddable":true,"href":"https:\/\/ceas.org.pe\/index.php\/wp-json\/wp\/v2\/tags?post=1499"}],"curies":[{"name":"wp","href":"https:\/\/api.w.org\/{rel}","templated":true}]}}