{"id":1497,"date":"2013-10-23T09:24:42","date_gmt":"2013-10-23T09:24:42","guid":{"rendered":""},"modified":"2026-03-11T09:12:28","modified_gmt":"2026-03-11T14:12:28","slug":"mujeres-campesinas-luchan-por-la-soberanoa-alimentaria-del-pero","status":"publish","type":"post","link":"https:\/\/ceas.org.pe\/index.php\/2013\/10\/23\/mujeres-campesinas-luchan-por-la-soberanoa-alimentaria-del-pero\/","title":{"rendered":"Mujeres campesinas luchan por la soberan\u00f3a alimentaria del Per\u00f3"},"content":{"rendered":"<p>La Plaza C\u00e1ceres en Jes\u00fas Mar\u00eda fue el lugar donde, desde las 8 de la ma\u00f1ana, se congregaron cientos de campesinas y l\u00edderes de organizaciones agrarias, nacionales e internacionales. Participaron adem\u00e1s dirigentes de Ecuador, Colombia, Bolivia, Venezuela, Brasil, Argentina e India.<br \/>\n\u00a0<br \/>\nLa movilizaci\u00f3n form\u00f3 parte de una jornada de lucha protagonizada por mujeres rurales, campesinas e ind\u00edgenas, y fue organizada por la Alianza de Organizaciones Agrarias, conformada por la Asociaci\u00f3n Nacional de Productores Ecol\u00f3gicos del Per\u00fa (ANPE Per\u00fa), la Confederaci\u00f3n Nacional Agraria (CNA), la Confederaci\u00f3n Campesina del Per\u00fa (CCP), y la Federaci\u00f3n Nacional de Mujeres Campesinas, Artesanas, Ind\u00edgenas, Nativas y Asalariadas del Per\u00fa (Femucarinap) en coordinaci\u00f3n con la organizaci\u00f3n internacional V\u00eda Campesina.<br \/>\n\u00a0<br \/>\nLa marcha incluy\u00f3 en su recorrido a instituciones p\u00fablicas como el Congreso de la Rep\u00fablica, el Ministerio de Salud, Ministerio de Trabajo y la Municipalidad de Lima donde delegaciones de lideresas fueron recibidas por las autoridades, entre ellas, la alcaldesa de Lima, Susana Villar\u00e1n.\u00a0 Finalmente, la movilizaci\u00f3n culmin\u00f3 en la Plaza San Mart\u00edn donde, con participaci\u00f3n de dirigentes y autoridades, se desarroll\u00f3 el Acto Simb\u00f3lico de la \u201cSiembra de la Unidad\u201d por el acceso a alimentos para todos los peruanos.<br \/>\n\u00a0<br \/>\nEn el marco de la movilizaci\u00f3n, el Observatorio Tierra y Derechos convers\u00f3 con Alejandra Tucno, Secretaria de Derechos Humanos de FEMUCARINAP Ayacucho. A continuaci\u00f3n, presentamos una s\u00edntesis de la entrevista*:<br \/>\n\u00a0<br \/>\n\u00a0<br \/>\n\u00bbMuy buenos d\u00edas al Per\u00fa. Tal vez muchos no entienden mi idioma. Yo soy Quechua hablante. Mi nombre es Alejandra Tucno, yo vengo de la regi\u00f3n Ayacucho.\u00a0 <br \/>\nNos encontramos en la ciudad de Lima desde el d\u00eda s\u00e1bado en una jornada de lucha, provenimos de las diferentes regiones de Per\u00fa para hacer sentir nuestra voz y hacernos visibles las mujeres de las comunidades alto andinas y las mujeres campesinas\u00ab.<br \/>\n\u00a0<br \/>\nSoberan\u00eda alimentaria &#8211; \u00bbNosotras venimos discutiendo m\u00e1s que nada el tema de la soberan\u00eda alimentaria, que es muy diferente a la seguridad alimentaria. Soberan\u00eda alimentaria toca el tema del territorio, de la producci\u00f3n agraria, que nosotras queremos conservar y conservamos en nuestras comunidades campesinas.<br \/>\nLas semillas aut\u00f3ctonas y ancestrales que nos han dejado nuestros abuelos hoy en d\u00eda se est\u00e1n perdiendo. Es una gran preocupaci\u00f3n para nosotras \u00bfPor qu\u00e9? Porque vienen ingresando, solapadamente, las semillas transg\u00e9nicas a nuestras chacras. Estas semillas vienen da\u00f1ando la salud de las ciudadanas y los ciudadanos de todo el Per\u00fa y nosotras no queremos que esto siga ocurriendo. Queremos conservar nuestras semillas aut\u00f3ctonas que son sanas, que nos dan fuerzas positivas, que dan el buen vivir, para que nuestros ni\u00f1os, que son el futuro del Per\u00fa, las contin\u00faen preservando y vengan sanos y fuertes.\u00ab <br \/>\n\u00a0<br \/>\n\u00a0<br \/>\nDerecho sobre la tierra &#8211; \u00bbNosotras, las mujeres, no somos propietarias de nuestras tierras. Muchas veces son propietarios nuestros esposos y no directamente las mujeres. Si el esposo muere, la mujer no es propietaria. De repente pueden aparecer terceras personas o el Estado, ambos nos quitan nuestra propiedad. No tenemos derecho a nuestras tierras, no accedemos a ellas. \u00bfQu\u00e9 pedimos? Que las titulaciones de las tierras sean tambi\u00e9n para las mujeres.\u00ab<br \/>\n\u00a0<br \/>\n\u00a0<br \/>\nEl Papel de la mujer en la peque\u00f1a agricultura &#8211; \u00bbNuestros gobiernos nunca nos han tomado en cuenta. Pero sin embargo, nosotras, las mujeres, las peque\u00f1as agricultoras del campo somos el sost\u00e9n en nuestras regiones y tambi\u00e9n aportamos para nuestro pa\u00eds. \u00bfQui\u00e9n nos reconoce esto? las mujeres campesinas laboramos en el campo y adem\u00e1s laboramos todo el d\u00eda, desde las cuatro de la ma\u00f1ana hasta las altas horas de la noche. Nosotras nos desenvolvemos con eficiencia. Pero ese trabajo que hacemos no est\u00e1 remunerado. Si nosotras, las mujeres campesinas, un d\u00eda no m\u00e1s par\u00e1ramos de trabajar \u00bfQu\u00e9 pasar\u00eda? \u00bfCu\u00e1nto perder\u00eda el gobierno? Por eso pedimos que el gobierno peruano tome en cuenta y que escuche nuestra voz.\u00ab<br \/>\n\u00a0<br \/>\nDerechos humanos &#8211; \u00bbEstamos ahora al frente del Ministerio del Salud. \u00bfPorqu\u00e9 y para qu\u00e9? Para hacer escuchar nuestra voz de protesta y ya que en las comunidades campesinas alto andinas a veces no hay m\u00e9dicos, solamente nos mandan a los t\u00e9cnicos y no tienen la calidez humana que esperamos. No nos prestan la debida atenci\u00f3n a las mujeres campesinas. Por ello hay tantas muertes maternas. Hay tantos ni\u00f1os que ni han abiertos sus ojos a este mundo, porque han llegado fallecidos. Y esto no queremos que contin\u00fae. Queremos que estos derechos humanos de los que se habla, que sean para todas y para todos igualmente. No as\u00ed solamente que sean en preferencia para la gente de la ciudad y tambi\u00e9n que sean para la gente de las comunidades de los m\u00e1s altos rincones del Per\u00fa.\u00ab <br \/>\n<strong>Entrevista: www.observatoriodetierras.org<br \/>\nFuente: Anpe Per\u00fa <\/strong><br \/>\n\u00a0<\/p>\n<p><a href=\"http:\/\/web.hilo.org.pe\/wp-content\/uploads\/protesta.mujeres_campesinas_alimentos_Peru.jpg\" target=\"_blank\" rel=\"noopener\">Ver archivo adjunto<\/a><\/p>\n","protected":false},"excerpt":{"rendered":"<p>El pasado 16 de octubre, en el D?a Mundial de la Alimentaci?n, mujeres campesinas participaron de la \u00abMarcha de las mil mujeres de todas las sangres del Per?\u00bb para pedir al gobierno la aprobaci?n de la Ley de Seguridad y Soberan?a Alimentaria y Nutricional. Dicha norma se debatir? en breve en el pleno del Congreso y es de especial importancia para nuestro pa?s donde, pese al crecimiento econ?mico, existen 13 millones de personas en situaci?n de riesgo alimentario, principalmente, en regiones como Puno, Hu?nuco, Huancavelica, Cajamarca y Amazonas.<\/p>\n","protected":false},"author":1,"featured_media":7889,"comment_status":"closed","ping_status":"closed","sticky":false,"template":"","format":"standard","meta":{"footnotes":""},"categories":[9],"tags":[],"class_list":["post-1497","post","type-post","status-publish","format-standard","has-post-thumbnail","hentry","category-noticias"],"_links":{"self":[{"href":"https:\/\/ceas.org.pe\/index.php\/wp-json\/wp\/v2\/posts\/1497","targetHints":{"allow":["GET"]}}],"collection":[{"href":"https:\/\/ceas.org.pe\/index.php\/wp-json\/wp\/v2\/posts"}],"about":[{"href":"https:\/\/ceas.org.pe\/index.php\/wp-json\/wp\/v2\/types\/post"}],"author":[{"embeddable":true,"href":"https:\/\/ceas.org.pe\/index.php\/wp-json\/wp\/v2\/users\/1"}],"replies":[{"embeddable":true,"href":"https:\/\/ceas.org.pe\/index.php\/wp-json\/wp\/v2\/comments?post=1497"}],"version-history":[{"count":1,"href":"https:\/\/ceas.org.pe\/index.php\/wp-json\/wp\/v2\/posts\/1497\/revisions"}],"predecessor-version":[{"id":7721,"href":"https:\/\/ceas.org.pe\/index.php\/wp-json\/wp\/v2\/posts\/1497\/revisions\/7721"}],"wp:featuredmedia":[{"embeddable":true,"href":"https:\/\/ceas.org.pe\/index.php\/wp-json\/wp\/v2\/media\/7889"}],"wp:attachment":[{"href":"https:\/\/ceas.org.pe\/index.php\/wp-json\/wp\/v2\/media?parent=1497"}],"wp:term":[{"taxonomy":"category","embeddable":true,"href":"https:\/\/ceas.org.pe\/index.php\/wp-json\/wp\/v2\/categories?post=1497"},{"taxonomy":"post_tag","embeddable":true,"href":"https:\/\/ceas.org.pe\/index.php\/wp-json\/wp\/v2\/tags?post=1497"}],"curies":[{"name":"wp","href":"https:\/\/api.w.org\/{rel}","templated":true}]}}