{"id":1495,"date":"2013-10-23T09:04:36","date_gmt":"2013-10-23T09:04:36","guid":{"rendered":""},"modified":"2026-03-11T09:12:28","modified_gmt":"2026-03-11T14:12:28","slug":"ante-la-onu-piden-acabar-onegocio-con-la-emigracion-y-la-trata-de-personaso","status":"publish","type":"post","link":"https:\/\/ceas.org.pe\/index.php\/2013\/10\/23\/ante-la-onu-piden-acabar-onegocio-con-la-emigracion-y-la-trata-de-personaso\/","title":{"rendered":"Ante la ONU piden acabar \u00f3negocio con la emigraci\u00f3n y la trata de personas\u00f3"},"content":{"rendered":"<p>\nEl cardenal record\u00f3 la reciente tragedia en la isla italiana de Lampedusa, en la que murieron casi 400 personas al volcarse una barcaza que llevaba refugiados y migrantes que se escapaban desde \u00c1frica buscando una vida mejor para ellos y sus hijos en otras tierras. Y del viaje del papa Francisco, para sensibilizar al mundo delante de estas tragedias y para denunciar \u201cla globalizaci\u00f3n de la indiferencia\u201d.<\/p>\n<p>El presidente de la Caritas Internacional abog\u00f3 tambi\u00e9n por la juventud que diariamente emigra incluso desde Honduras donde el 42 por ciento de la poblaci\u00f3n tiene menos de 15 a\u00f1os. Indico que los j\u00f3venes son impulsados por la falta de oportunidades y el espejismo del llamado \u201csue\u00f1o americano\u201d. La idea de una \u201ctierra prometida\u201d, dijo, como le cuentan los programas de televisi\u00f3n los ilusiona, pero cuando llegan muchas veces terminas siendo explotados.<\/p>\n<p>Para no hablar de los viajes de reempatrio forzado, en donde los migrantes son tratados como delincuentes y no como gente que fue a trabajar para ayudar a su familia.<\/p>\n<p>Record\u00f3 tambi\u00e9n la existencia de bandas que en los pa\u00edses de tr\u00e1nsito que secuestran a los j\u00f3venes y despu\u00e9s piden rescates a sus familias, y como muchas de ellas son pobres acaban matando a los secuestrados.<\/p>\n<p>El purpurado cit\u00f3 tambi\u00e9n los programas realizados por el movimiento salesiano para atender la problem\u00e1tica de la migraci\u00f3n en varias naciones, con un \u00e9nfasis particular en la juventud y sus familias.\u00a0\u00a0\u00a0<strong> (Zenit.org) <\/strong><br \/>\n\u00a0<\/p>\n<p><a href=\"http:\/\/web.hilo.org.pe\/wp-content\/uploads\/emigrantes-Somalia.jpg\" target=\"_blank\" rel=\"noopener\">Ver archivo adjunto<\/a><\/p>\n","protected":false},"excerpt":{"rendered":"<p>El cardenal ?scar Andr?s Rodr?guez pidi? acabar con la ?globalizaci?n de la indiferencia? y calific? como una ?verg?enza? el tr?fico de seres humanos, as? como el rechazo que sufren los inmigrantes. Lo hizo en la conferencia ?Juventud y Migraci?n?, organizada por las misiones permanentes de Honduras y Colombia ante las Naciones Unidas; la misi?n observadora permanente de la Santa Sede ante la ONU y los salesianos de Don Bosco.<\/p>\n","protected":false},"author":1,"featured_media":7888,"comment_status":"closed","ping_status":"closed","sticky":false,"template":"","format":"standard","meta":{"footnotes":""},"categories":[9],"tags":[],"class_list":["post-1495","post","type-post","status-publish","format-standard","has-post-thumbnail","hentry","category-noticias"],"_links":{"self":[{"href":"https:\/\/ceas.org.pe\/index.php\/wp-json\/wp\/v2\/posts\/1495","targetHints":{"allow":["GET"]}}],"collection":[{"href":"https:\/\/ceas.org.pe\/index.php\/wp-json\/wp\/v2\/posts"}],"about":[{"href":"https:\/\/ceas.org.pe\/index.php\/wp-json\/wp\/v2\/types\/post"}],"author":[{"embeddable":true,"href":"https:\/\/ceas.org.pe\/index.php\/wp-json\/wp\/v2\/users\/1"}],"replies":[{"embeddable":true,"href":"https:\/\/ceas.org.pe\/index.php\/wp-json\/wp\/v2\/comments?post=1495"}],"version-history":[{"count":1,"href":"https:\/\/ceas.org.pe\/index.php\/wp-json\/wp\/v2\/posts\/1495\/revisions"}],"predecessor-version":[{"id":7723,"href":"https:\/\/ceas.org.pe\/index.php\/wp-json\/wp\/v2\/posts\/1495\/revisions\/7723"}],"wp:featuredmedia":[{"embeddable":true,"href":"https:\/\/ceas.org.pe\/index.php\/wp-json\/wp\/v2\/media\/7888"}],"wp:attachment":[{"href":"https:\/\/ceas.org.pe\/index.php\/wp-json\/wp\/v2\/media?parent=1495"}],"wp:term":[{"taxonomy":"category","embeddable":true,"href":"https:\/\/ceas.org.pe\/index.php\/wp-json\/wp\/v2\/categories?post=1495"},{"taxonomy":"post_tag","embeddable":true,"href":"https:\/\/ceas.org.pe\/index.php\/wp-json\/wp\/v2\/tags?post=1495"}],"curies":[{"name":"wp","href":"https:\/\/api.w.org\/{rel}","templated":true}]}}