{"id":1493,"date":"2013-10-22T08:43:52","date_gmt":"2013-10-22T08:43:52","guid":{"rendered":""},"modified":"2026-03-11T09:12:28","modified_gmt":"2026-03-11T14:12:28","slug":"obispos-de-pero-bolivia-y-chile-dialogan-sobre-integracion-regional-y-las-migraciones","status":"publish","type":"post","link":"https:\/\/ceas.org.pe\/index.php\/2013\/10\/22\/obispos-de-pero-bolivia-y-chile-dialogan-sobre-integracion-regional-y-las-migraciones\/","title":{"rendered":"Obispos de Per\u00f3, Bolivia y Chile dialogan sobre integraci\u00f3n regional y las migraciones"},"content":{"rendered":"<p>En el encuentro estar\u00e1n 15 obispos, entre los cuales est\u00e1n los presidentes de las tres conferencias episcopales y los miembros de los respectivos consejos permanentes.<\/p>\n<p>Seg\u00fan se\u00f1ala la nota de la Conferencia Episcopal de Chile, que presidente el Arzobispo de Santiago, Mons. Ricardo Ezzati, \u201cesta reuni\u00f3n de las autoridades episcopales de los tres pa\u00edses hermanos, es una instancia peri\u00f3dica de encuentro que apunta a reforzar los m\u00faltiples lazos de comuni\u00f3n y fraternidad que unen a las Iglesias locales, y al mismo tiempo realizar una reflexi\u00f3n com\u00fan sobre temas de inter\u00e9s compartido\u201d.<\/p>\n<p>Los encuentros anteriores se realizaron en Iquique, Chile (2000); Santa Cruz de la Sierra, Bolivia (2003); Lima, Per\u00fa (2006) y Santiago, Chile (2011).<\/p>\n<p>En esta oportunidad, los obispos tambi\u00e9n profundizar\u00e1n en la realidad eclesial de la regi\u00f3n, a la luz del extenso y rico discurso que el Papa Francisco dirigi\u00f3 en R\u00edo de Janeiro en la reuni\u00f3n de coordinaci\u00f3n del Consejo Episcopal Latinoamericano (CELAM).<\/p>\n<p>En esa ocasi\u00f3n el Santo Padre pidi\u00f3 a los obispos de Am\u00e9rica Latina que trabajen en una pastoral de la misericordia y advirti\u00f3 que en el di\u00e1logo con el mundo no deben caer en la tentaci\u00f3n de la ideologizaci\u00f3n del Evangelio.<\/p>\n<p>En su extenso discurso, que puede leer aqu\u00ed, el Papa pregunt\u00f3 a los obispos: \u201c\u00bfProcuramos que nuestro trabajo y el de nuestros Presb\u00edteros sea m\u00e1s pastoral que administrativo? \u00bfQui\u00e9n es el principal beneficiario de la labor eclesial, la Iglesia como organizaci\u00f3n o el Pueblo de Dios en su totalidad?\u201d.<\/p>\n<p>\u201cHay pastorales planteadas con tal dosis de distancia que son incapaces de lograr el encuentro: encuentro con Jesucristo, encuentro con los hermanos\u201d, expres\u00f3 el Papa. \u201cUna piedra de toque para calibrar la cercan\u00eda y la capacidad de encuentro de una pastoral es la homil\u00eda. \u00bfQu\u00e9 tal son nuestras homil\u00edas? \u00bfNos acercan al ejemplo de nuestro Se\u00f1or, que \u2018hablaba como quien tiene autoridad\u2019 o son meramente preceptivas, lejanas, abstractas?\u201d.\u00a0 <strong>(Fuente www.aciprensa.com)<\/strong><\/p>\n<p><a href=\"http:\/\/web.hilo.org.pe\/wp-content\/uploads\/obispos-peru_bolivia_chile.jpg\" target=\"_blank\" rel=\"noopener\">Ver archivo adjunto<\/a><\/p>\n","protected":false},"excerpt":{"rendered":"<p>Delegaciones de las Conferencias Episcopales de Per?, Bolivia y el pa?s anfitri?n, Chile, se reunir?n en La Paz, desde este lunes 21 al 24 de octubre, para tratar diversos temas como la integraci?n regional, los j?venes y el fen?meno de las migraciones.<\/p>\n","protected":false},"author":1,"featured_media":7888,"comment_status":"closed","ping_status":"closed","sticky":false,"template":"","format":"standard","meta":{"footnotes":""},"categories":[9],"tags":[],"class_list":["post-1493","post","type-post","status-publish","format-standard","has-post-thumbnail","hentry","category-noticias"],"_links":{"self":[{"href":"https:\/\/ceas.org.pe\/index.php\/wp-json\/wp\/v2\/posts\/1493","targetHints":{"allow":["GET"]}}],"collection":[{"href":"https:\/\/ceas.org.pe\/index.php\/wp-json\/wp\/v2\/posts"}],"about":[{"href":"https:\/\/ceas.org.pe\/index.php\/wp-json\/wp\/v2\/types\/post"}],"author":[{"embeddable":true,"href":"https:\/\/ceas.org.pe\/index.php\/wp-json\/wp\/v2\/users\/1"}],"replies":[{"embeddable":true,"href":"https:\/\/ceas.org.pe\/index.php\/wp-json\/wp\/v2\/comments?post=1493"}],"version-history":[{"count":1,"href":"https:\/\/ceas.org.pe\/index.php\/wp-json\/wp\/v2\/posts\/1493\/revisions"}],"predecessor-version":[{"id":7725,"href":"https:\/\/ceas.org.pe\/index.php\/wp-json\/wp\/v2\/posts\/1493\/revisions\/7725"}],"wp:featuredmedia":[{"embeddable":true,"href":"https:\/\/ceas.org.pe\/index.php\/wp-json\/wp\/v2\/media\/7888"}],"wp:attachment":[{"href":"https:\/\/ceas.org.pe\/index.php\/wp-json\/wp\/v2\/media?parent=1493"}],"wp:term":[{"taxonomy":"category","embeddable":true,"href":"https:\/\/ceas.org.pe\/index.php\/wp-json\/wp\/v2\/categories?post=1493"},{"taxonomy":"post_tag","embeddable":true,"href":"https:\/\/ceas.org.pe\/index.php\/wp-json\/wp\/v2\/tags?post=1493"}],"curies":[{"name":"wp","href":"https:\/\/api.w.org\/{rel}","templated":true}]}}