{"id":1490,"date":"2013-10-21T09:36:14","date_gmt":"2013-10-21T09:36:14","guid":{"rendered":""},"modified":"2026-03-11T09:12:29","modified_gmt":"2026-03-11T14:12:29","slug":"hoy-se-inicia-encuentro-tripartito-de-obispos-del-pero-chile-y-bolivia","status":"publish","type":"post","link":"https:\/\/ceas.org.pe\/index.php\/2013\/10\/21\/hoy-se-inicia-encuentro-tripartito-de-obispos-del-pero-chile-y-bolivia\/","title":{"rendered":"Hoy se inicia Encuentro Tripartito de Obispos del Per\u00f3, Chile y Bolivia"},"content":{"rendered":"<p>Por el Per\u00fa, participar\u00e1n en este encuentro Monse\u00f1or Salvador Pi\u00f1eiro Garc\u00eda Calder\u00f3n, Arzobispo de Ayacucho y Presidente de la Conferencia Episcopal Peruana; Monse\u00f1or Pedro Barreto Jimeno, SJ., Arzobispo de Huancayo y Primer Vice- Presidente del Episcopado Peruano.<\/p>\n<p>Tambi\u00e9n Monse\u00f1or \u00c1ngel Francisco Sim\u00f3n Piorno, Obispo de Chimbote, Presidente del Comit\u00e9 Econ\u00f3mico y miembro del Consejo Permanente;\u00a0 Monse\u00f1or Lino Panizza Richero, OFM Cap., Obispo de Carabayllo y Secretario General de la CEP y Monse\u00f1or Guillermo Inca Pereda, OSJ., Administrador Apost\u00f3lico del Obispado Castrense y Secretario General Adjunto del Episcopado Peruano. <\/p>\n<p>\nDurante este encuentro se abordar\u00e1n temas referidos a la integraci\u00f3n regional, la situaci\u00f3n de la juventud en esos pa\u00edses y el fen\u00f3meno de la migraci\u00f3n, que ser\u00e1n analizados desde la perspectiva de los desaf\u00edos pastorales para los obispos de Per\u00fa, Bolivia y Chile.<\/p>\n<p>\nAsimismo, esta reuni\u00f3n apunta a reforzar los m\u00faltiples lazos de comuni\u00f3n y fraternidad que unen a las Iglesias locales, y al mismo tiempo realizar una reflexi\u00f3n com\u00fan sobre temas de inter\u00e9s compartido. Tambi\u00e9n se profundizar\u00e1 sobre la realidad eclesial de la regi\u00f3n, a la luz del discurso que el Papa Francisco dirigi\u00f3 en R\u00edo de Janeiro en la reuni\u00f3n de coordinaci\u00f3n del Consejo Episcopal Latinoamericano (CELAM).<\/p>\n<p>\nCabe recordar que los anteriores encuentros tripartitos se realizaron en: Iquique \u2013 Chile, en el 2000; Santa Cruz de la Sierra \u2013 Bolivia, en el 2003; Lima \u2013 Per\u00fa, en el 2006, y Santiago de Chile, en el 2011. <strong>(Fuente: www.iglesiacatolica.org.pe)<\/strong><br \/>\n\u00a0<\/p>\n<p><a href=\"http:\/\/web.hilo.org.pe\/wp-content\/uploads\/obispos-peru-chile-encuentro-tripartita.JPG\" target=\"_blank\" rel=\"noopener\">Ver archivo adjunto<\/a><\/p>\n","protected":false},"excerpt":{"rendered":"<p>Desde hoy hasta el 24 de octubre se realizar? en La Paz ? Bolivia, la V Reuni?n Tripartita entre Per?, Bolivia y Chile, a donde asistir?n 15 obispos de las tres Iglesias latinoamericanas.<\/p>\n","protected":false},"author":1,"featured_media":7862,"comment_status":"closed","ping_status":"closed","sticky":false,"template":"","format":"standard","meta":{"footnotes":""},"categories":[9],"tags":[],"class_list":["post-1490","post","type-post","status-publish","format-standard","has-post-thumbnail","hentry","category-noticias"],"_links":{"self":[{"href":"https:\/\/ceas.org.pe\/index.php\/wp-json\/wp\/v2\/posts\/1490","targetHints":{"allow":["GET"]}}],"collection":[{"href":"https:\/\/ceas.org.pe\/index.php\/wp-json\/wp\/v2\/posts"}],"about":[{"href":"https:\/\/ceas.org.pe\/index.php\/wp-json\/wp\/v2\/types\/post"}],"author":[{"embeddable":true,"href":"https:\/\/ceas.org.pe\/index.php\/wp-json\/wp\/v2\/users\/1"}],"replies":[{"embeddable":true,"href":"https:\/\/ceas.org.pe\/index.php\/wp-json\/wp\/v2\/comments?post=1490"}],"version-history":[{"count":1,"href":"https:\/\/ceas.org.pe\/index.php\/wp-json\/wp\/v2\/posts\/1490\/revisions"}],"predecessor-version":[{"id":7728,"href":"https:\/\/ceas.org.pe\/index.php\/wp-json\/wp\/v2\/posts\/1490\/revisions\/7728"}],"wp:featuredmedia":[{"embeddable":true,"href":"https:\/\/ceas.org.pe\/index.php\/wp-json\/wp\/v2\/media\/7862"}],"wp:attachment":[{"href":"https:\/\/ceas.org.pe\/index.php\/wp-json\/wp\/v2\/media?parent=1490"}],"wp:term":[{"taxonomy":"category","embeddable":true,"href":"https:\/\/ceas.org.pe\/index.php\/wp-json\/wp\/v2\/categories?post=1490"},{"taxonomy":"post_tag","embeddable":true,"href":"https:\/\/ceas.org.pe\/index.php\/wp-json\/wp\/v2\/tags?post=1490"}],"curies":[{"name":"wp","href":"https:\/\/api.w.org\/{rel}","templated":true}]}}