{"id":1486,"date":"2013-10-19T14:51:43","date_gmt":"2013-10-19T14:51:43","guid":{"rendered":""},"modified":"2026-03-11T09:12:29","modified_gmt":"2026-03-11T14:12:29","slug":"reconocimiento-dignificacion-y-justicia-en-caso-parcco-y-pomatambo","status":"publish","type":"post","link":"https:\/\/ceas.org.pe\/index.php\/2013\/10\/19\/reconocimiento-dignificacion-y-justicia-en-caso-parcco-y-pomatambo\/","title":{"rendered":"Reconocimiento, dignificaci\u00f3n y justicia en caso Parcco y Pomatambo"},"content":{"rendered":"<p><span style=\"color: #333333\">\u00abAqu\u00ed est\u00e1n los restos de 4 personas que hace 27 a\u00f1os fueron ejecutadas de la forma m\u00e1s cruel (caso Parcco Pomatambo, octubre de 1986). Quiero transmitirles las disculpas p\u00fablicas a nombre del Estado por estas muertes. Disculpas p\u00fablicas como gobierno y Estado. Nos comprometemos a velar porque todos esos ni\u00f1os (familiares de las v\u00edctimas presentes en el acto de Reconocimiento llevado a cabo en el local de la Comisi\u00f3n Episcopal de Acci\u00f3n Social) tengan un futuro m\u00e1s feliz\u2026 d\u00e9jennos acompa\u00f1arlos\u201d (Dr. Jos\u00e9 Avila, Vice Ministro de Derechos Humanos, Ministerio de Justicia). Importante reconocimiento hecho la ma\u00f1ana de ayer en el local de CEAS. Por la noche se tuvo la misa en la Iglesia La Recoleta la que estuvo presidida por Monse\u00f1or Pedro Barreto Jimeno, Arzobispo de Huancayo y Monse\u00f1or Sebasti\u00e1n Ramis Obispo de Huamachuco concelebraron con ellos los sacerdotes Juan Luis Schuster y Rafael S\u00e1nchez, estuvieron presentes familiares de los deudos, instituciones religiosas y de la sociedad civil. Fue un acto de reconocimiento, dignificaci\u00f3n y justicia. <\/span><\/p>\n<div style=\"line-height: 11.25pt; margin: 0cm 0cm 9.4pt -18pt; background: white\"><i><span style=\"color: #333333\">Ver im\u00e1genes en la Galer\u00eda de Fotos.<\/span><\/i><\/div>\n<p><a href=\"http:\/\/web.hilo.org.pe\/wp-content\/uploads\/principal.jpg\" target=\"_blank\" rel=\"noopener\">Ver archivo adjunto<\/a><\/p>\n","protected":false},"excerpt":{"rendered":"<p>Reconocimiento en el local de CEAS a las v?ctimas de Parcco y Pomatambo &#8211; Ayacucho.<\/p>\n","protected":false},"author":1,"featured_media":7859,"comment_status":"closed","ping_status":"closed","sticky":false,"template":"","format":"standard","meta":{"footnotes":""},"categories":[9],"tags":[],"class_list":["post-1486","post","type-post","status-publish","format-standard","has-post-thumbnail","hentry","category-noticias"],"_links":{"self":[{"href":"https:\/\/ceas.org.pe\/index.php\/wp-json\/wp\/v2\/posts\/1486","targetHints":{"allow":["GET"]}}],"collection":[{"href":"https:\/\/ceas.org.pe\/index.php\/wp-json\/wp\/v2\/posts"}],"about":[{"href":"https:\/\/ceas.org.pe\/index.php\/wp-json\/wp\/v2\/types\/post"}],"author":[{"embeddable":true,"href":"https:\/\/ceas.org.pe\/index.php\/wp-json\/wp\/v2\/users\/1"}],"replies":[{"embeddable":true,"href":"https:\/\/ceas.org.pe\/index.php\/wp-json\/wp\/v2\/comments?post=1486"}],"version-history":[{"count":1,"href":"https:\/\/ceas.org.pe\/index.php\/wp-json\/wp\/v2\/posts\/1486\/revisions"}],"predecessor-version":[{"id":7732,"href":"https:\/\/ceas.org.pe\/index.php\/wp-json\/wp\/v2\/posts\/1486\/revisions\/7732"}],"wp:featuredmedia":[{"embeddable":true,"href":"https:\/\/ceas.org.pe\/index.php\/wp-json\/wp\/v2\/media\/7859"}],"wp:attachment":[{"href":"https:\/\/ceas.org.pe\/index.php\/wp-json\/wp\/v2\/media?parent=1486"}],"wp:term":[{"taxonomy":"category","embeddable":true,"href":"https:\/\/ceas.org.pe\/index.php\/wp-json\/wp\/v2\/categories?post=1486"},{"taxonomy":"post_tag","embeddable":true,"href":"https:\/\/ceas.org.pe\/index.php\/wp-json\/wp\/v2\/tags?post=1486"}],"curies":[{"name":"wp","href":"https:\/\/api.w.org\/{rel}","templated":true}]}}