{"id":1483,"date":"2013-10-18T08:39:14","date_gmt":"2013-10-18T08:39:14","guid":{"rendered":""},"modified":"2026-03-11T09:12:29","modified_gmt":"2026-03-11T14:12:29","slug":"mons-simon-piorno-oficio-omisa-por-la-pazo-en-el-penal-de-chimbote","status":"publish","type":"post","link":"https:\/\/ceas.org.pe\/index.php\/2013\/10\/18\/mons-simon-piorno-oficio-omisa-por-la-pazo-en-el-penal-de-chimbote\/","title":{"rendered":"Mons. Sim\u00f3n Piorno ofici\u00f3 \u00f3misa por la Paz\u00f3 en el penal de Chimbote"},"content":{"rendered":"<p>\nParticiparon primero de la misa oficiada por monse\u00f1or Sim\u00f3n Piorno y despu\u00e9s dieron lectura a un pronunciamiento condenando los asesinatos, el sicariato, las extorsiones y el tr\u00e1fico de drogas.<\/p>\n<p>El reo Eduardo \u201cLalo\u201d Arteaga Caballero condenado a 25 a\u00f1os de c\u00e1rcel por secuestrar el 2002 a un ni\u00f1o en Nuevo Chimbote pidi\u00f3 en representaci\u00f3n de sus compa\u00f1eros de celda que los miren como seres humanos.<\/p>\n<p>Dijo que si bien cometieron errores en el pasado merecen una oportunidad para readaptarse a la sociedad.<br \/>\n\u201cNo somos indiferentes a lo que pasa en Chimbote, no estamos de acuerdo con la violencia, menos con los asesinatos, por eso desde esta c\u00e1rcel apoyamos la paz. Queremos tambi\u00e9n deslindar con otros hechos delictivos que se nos asocia injustamente como las extorsiones\u201d, mencion\u00f3.<\/p>\n<p>En el documento firmado por los presos pidieron tambi\u00e9n a las autoridades policiales y del Ministerio P\u00fablico que investiguen los hechos de violencia y se sancione ejemplarmente a los culpables.<\/p>\n<p>El alcalde provincial del Santa, Luis Arroyo Rojas, comprometi\u00f3 su apoyo con los presos. Dijo que la comuna chimbotana podr\u00eda dar empleo a las personas que cumplen sus condenas, \u201cpara que de esta manera terminen su proceso de readaptaci\u00f3n a la sociedad\u201d.<\/p>\n<p>La nieta de \u201cLalo\u201d Arteaga hizo volar una paloma en el patio del penal como s\u00edmbolo de paz, as\u00ed como tambi\u00e9n un grupo de internos cantaron en el coro durante la misa. <strong>(Fuente: www.chimbotenlinea.com)<\/strong><br \/>\n\u00a0<\/p>\n<p><a href=\"http:\/\/web.hilo.org.pe\/wp-content\/uploads\/interno_cambio_puente_obispo_simon_piorno.JPG\" target=\"_blank\" rel=\"noopener\">Ver archivo adjunto<\/a><\/p>\n","protected":false},"excerpt":{"rendered":"<p>Los internos e internas del penal de Cambio Puente se pronunciaron hoy a favor de la paz y condenaron la violencia en una singular actividad que cont? con la participaci?n del obispo ?ngel Francisco Sim?n Piorno, quien ofici? una celebraci?n eucar?stica para todas las personas privadas de su libertad dentro de este recinto.<\/p>\n","protected":false},"author":1,"featured_media":7861,"comment_status":"closed","ping_status":"closed","sticky":false,"template":"","format":"standard","meta":{"footnotes":""},"categories":[9],"tags":[],"class_list":["post-1483","post","type-post","status-publish","format-standard","has-post-thumbnail","hentry","category-noticias"],"_links":{"self":[{"href":"https:\/\/ceas.org.pe\/index.php\/wp-json\/wp\/v2\/posts\/1483","targetHints":{"allow":["GET"]}}],"collection":[{"href":"https:\/\/ceas.org.pe\/index.php\/wp-json\/wp\/v2\/posts"}],"about":[{"href":"https:\/\/ceas.org.pe\/index.php\/wp-json\/wp\/v2\/types\/post"}],"author":[{"embeddable":true,"href":"https:\/\/ceas.org.pe\/index.php\/wp-json\/wp\/v2\/users\/1"}],"replies":[{"embeddable":true,"href":"https:\/\/ceas.org.pe\/index.php\/wp-json\/wp\/v2\/comments?post=1483"}],"version-history":[{"count":1,"href":"https:\/\/ceas.org.pe\/index.php\/wp-json\/wp\/v2\/posts\/1483\/revisions"}],"predecessor-version":[{"id":7735,"href":"https:\/\/ceas.org.pe\/index.php\/wp-json\/wp\/v2\/posts\/1483\/revisions\/7735"}],"wp:featuredmedia":[{"embeddable":true,"href":"https:\/\/ceas.org.pe\/index.php\/wp-json\/wp\/v2\/media\/7861"}],"wp:attachment":[{"href":"https:\/\/ceas.org.pe\/index.php\/wp-json\/wp\/v2\/media?parent=1483"}],"wp:term":[{"taxonomy":"category","embeddable":true,"href":"https:\/\/ceas.org.pe\/index.php\/wp-json\/wp\/v2\/categories?post=1483"},{"taxonomy":"post_tag","embeddable":true,"href":"https:\/\/ceas.org.pe\/index.php\/wp-json\/wp\/v2\/tags?post=1483"}],"curies":[{"name":"wp","href":"https:\/\/api.w.org\/{rel}","templated":true}]}}