{"id":1480,"date":"2013-10-16T18:08:18","date_gmt":"2013-10-16T18:08:18","guid":{"rendered":""},"modified":"2026-03-11T09:12:29","modified_gmt":"2026-03-11T14:12:29","slug":"ceremonia-de-restitucion-reconocimiento-y-dignificacion-por-las-voctimas-de-parcco-y-pomatambo","status":"publish","type":"post","link":"https:\/\/ceas.org.pe\/index.php\/2013\/10\/16\/ceremonia-de-restitucion-reconocimiento-y-dignificacion-por-las-voctimas-de-parcco-y-pomatambo\/","title":{"rendered":"Ceremonia de restituci\u00f3n, reconocimiento y dignificaci\u00f3n por las v\u00f3ctimas de Parcco y Pomatambo"},"content":{"rendered":"<p>\u00a0<\/p>\n<div style=\"text-align: justify; margin: 0cm 0cm 10pt\">El 23 de octubre de 1986, fueron asesinados por acci\u00f3n de las fuerzas del orden, cinco personas de Parcco: Reynaldo Ram\u00edrez Buitr\u00f3n, Donato Ram\u00edrez Rivera, Hilda Buitr\u00f3n Guti\u00e9rrez, Eugenia Ram\u00edrez Castillo y Mario Ram\u00edrez Castillo; y siete personas de Pomatambo: Antonio Najarro Rem\u00f3n,\u00a0Jos\u00e9 Fern\u00e1ndez Bellido,\u00a0Jacinto Guti\u00e9rrez G\u00f3mez, Eusebio Najarro Alarc\u00f3n, Timoteo Bautista Bellido, Manuel Rem\u00f3n Zea y Luis Deodoro Castillo Garc\u00eda.<\/div>\n<div style=\"text-align: justify; margin: 0cm 0cm 10pt\">\u00a0Luego de 27 a\u00f1os, los restos de cuatro de las\u00a0v\u00edctimas identificadas ser\u00e1n restituidos a sus familiares en Lima, para recibir\u00a0un entierro digno en Parcco y Pomatambo, en Vilcashuam\u00e1n \u2013 Ayacucho. Junto a ellas, se realizar\u00e1 tambi\u00e9n el entierro simb\u00f3lico de las ocho v\u00edctimas restantes.<\/div>\n<div style=\"text-align: justify; margin: 0cm 0cm 10pt\">Los invitamos a solidarizarse con los familiares en la ceremonia de restituci\u00f3n, reconocimiento y dignificaci\u00f3n de las doce v\u00edctimas este viernes 18 de octubre, a las 10.00 a.m., \u00a0en el local de la Comisi\u00f3n Episcopal de Acci\u00f3n Social &#8211; CEAS, sito en la Av. Salaverry 1945 \u2013 Lince.<\/div>\n<p><a href=\"http:\/\/web.hilo.org.pe\/wp-content\/uploads\/INVITACION web.jpg\" target=\"_blank\" rel=\"noopener\">Ver archivo adjunto<\/a><\/p>\n","protected":false},"excerpt":{"rendered":"<p>Los invitamos a solidarizarse con los familiares en la ceremonia de restituci?n, reconocimiento y dignificaci?n de las doce v?ctimas este viernes 18 de octubre, a las 10.00 a.m.,  en el local de la Comisi?n Episcopal de Acci?n Social &#8211; CEAS<\/p>\n","protected":false},"author":1,"featured_media":7859,"comment_status":"closed","ping_status":"closed","sticky":false,"template":"","format":"standard","meta":{"footnotes":""},"categories":[9],"tags":[],"class_list":["post-1480","post","type-post","status-publish","format-standard","has-post-thumbnail","hentry","category-noticias"],"_links":{"self":[{"href":"https:\/\/ceas.org.pe\/index.php\/wp-json\/wp\/v2\/posts\/1480","targetHints":{"allow":["GET"]}}],"collection":[{"href":"https:\/\/ceas.org.pe\/index.php\/wp-json\/wp\/v2\/posts"}],"about":[{"href":"https:\/\/ceas.org.pe\/index.php\/wp-json\/wp\/v2\/types\/post"}],"author":[{"embeddable":true,"href":"https:\/\/ceas.org.pe\/index.php\/wp-json\/wp\/v2\/users\/1"}],"replies":[{"embeddable":true,"href":"https:\/\/ceas.org.pe\/index.php\/wp-json\/wp\/v2\/comments?post=1480"}],"version-history":[{"count":1,"href":"https:\/\/ceas.org.pe\/index.php\/wp-json\/wp\/v2\/posts\/1480\/revisions"}],"predecessor-version":[{"id":7738,"href":"https:\/\/ceas.org.pe\/index.php\/wp-json\/wp\/v2\/posts\/1480\/revisions\/7738"}],"wp:featuredmedia":[{"embeddable":true,"href":"https:\/\/ceas.org.pe\/index.php\/wp-json\/wp\/v2\/media\/7859"}],"wp:attachment":[{"href":"https:\/\/ceas.org.pe\/index.php\/wp-json\/wp\/v2\/media?parent=1480"}],"wp:term":[{"taxonomy":"category","embeddable":true,"href":"https:\/\/ceas.org.pe\/index.php\/wp-json\/wp\/v2\/categories?post=1480"},{"taxonomy":"post_tag","embeddable":true,"href":"https:\/\/ceas.org.pe\/index.php\/wp-json\/wp\/v2\/tags?post=1480"}],"curies":[{"name":"wp","href":"https:\/\/api.w.org\/{rel}","templated":true}]}}