{"id":1477,"date":"2013-10-16T11:32:14","date_gmt":"2013-10-16T11:32:14","guid":{"rendered":""},"modified":"2026-03-11T09:12:29","modified_gmt":"2026-03-11T14:12:29","slug":"el-papa-francisco-pide-cambiar-estilo-de-vida-para-acabar-con-el-hambre","status":"publish","type":"post","link":"https:\/\/ceas.org.pe\/index.php\/2013\/10\/16\/el-papa-francisco-pide-cambiar-estilo-de-vida-para-acabar-con-el-hambre\/","title":{"rendered":"El Papa Francisco pide cambiar estilo de vida para acabar con el hambre"},"content":{"rendered":"<p><b><span style=\"color: black\">16 de octubre, 2013. (Romereports.com)<\/span><\/b><span style=\"color: black\"> Para el Papa el hambre es \u201cuno de los desaf\u00edos m\u00e1s serios para la humanidad\u201d. Por eso denuncia de nuevo el <b>\u201cdesperdicio y el despilfarro de alimentos\u201d<\/b> y propone soluciones. Lo hace en un mensaje al Director General de la FAO con motivo del D\u00eda Mundial de la Alimentaci\u00f3n. \u00a0\u00a0<\/span><\/p>\n<div style=\"text-align: justify; line-height: normal; margin: 0cm 0cm 2.5pt\"><span style=\"color: black\">Francisco recuerda que<b> \u201cun tercio de la producci\u00f3n mundial de alimentos no est\u00e1 disponible a causa de p\u00e9rdidas y derroches cada vez mayores\u201d.<\/b><\/span><\/div>\n<div style=\"text-align: justify; line-height: normal; margin: 0cm 0cm 2.5pt\">\u00a0<\/div>\n<div style=\"text-align: justify; line-height: normal; margin: 0cm 0cm 2.5pt\"><span style=\"color: black\">Para resolverlo, propone <b>un cambio de estilo de vida<\/b>. Dice que hay que pasar del estilo consumista y esclavo \u201cde la ganancia\u201d a una <b>educaci\u00f3n en la solidaridad<\/b> que \u201cponga en el centro a toda persona y su dignidad\u201d. Subraya que ese modo de vivir es caracter\u00edstico de una instituci\u00f3n social muy particular,<b> la familia,<\/b> porque en ella se aprende a cuidar del otro. En definitiva, \u201capoyar y proteger a la familia para que eduque a <b>la solidaridad y al respeto\u201d.<\/b><\/span><\/div>\n<p>\u00a0<\/p>\n<p><a href=\"http:\/\/web.hilo.org.pe\/wp-content\/uploads\/Estilos de vida.jpg\" target=\"_blank\" rel=\"noopener\">Ver archivo adjunto<\/a><\/p>\n","protected":false},"excerpt":{"rendered":"<p>Para el Papa el hambre es ?uno de los desaf?os m?s serios para la humanidad?. Por eso denuncia de nuevo el ?desperdicio y el despilfarro de alimentos? y propone soluciones. Lo hace en un mensaje al Director General de la FAO con motivo del D?a Mundial de la Alimentaci?n.<\/p>\n","protected":false},"author":1,"featured_media":7855,"comment_status":"closed","ping_status":"closed","sticky":false,"template":"","format":"standard","meta":{"footnotes":""},"categories":[9],"tags":[],"class_list":["post-1477","post","type-post","status-publish","format-standard","has-post-thumbnail","hentry","category-noticias"],"_links":{"self":[{"href":"https:\/\/ceas.org.pe\/index.php\/wp-json\/wp\/v2\/posts\/1477","targetHints":{"allow":["GET"]}}],"collection":[{"href":"https:\/\/ceas.org.pe\/index.php\/wp-json\/wp\/v2\/posts"}],"about":[{"href":"https:\/\/ceas.org.pe\/index.php\/wp-json\/wp\/v2\/types\/post"}],"author":[{"embeddable":true,"href":"https:\/\/ceas.org.pe\/index.php\/wp-json\/wp\/v2\/users\/1"}],"replies":[{"embeddable":true,"href":"https:\/\/ceas.org.pe\/index.php\/wp-json\/wp\/v2\/comments?post=1477"}],"version-history":[{"count":1,"href":"https:\/\/ceas.org.pe\/index.php\/wp-json\/wp\/v2\/posts\/1477\/revisions"}],"predecessor-version":[{"id":7741,"href":"https:\/\/ceas.org.pe\/index.php\/wp-json\/wp\/v2\/posts\/1477\/revisions\/7741"}],"wp:featuredmedia":[{"embeddable":true,"href":"https:\/\/ceas.org.pe\/index.php\/wp-json\/wp\/v2\/media\/7855"}],"wp:attachment":[{"href":"https:\/\/ceas.org.pe\/index.php\/wp-json\/wp\/v2\/media?parent=1477"}],"wp:term":[{"taxonomy":"category","embeddable":true,"href":"https:\/\/ceas.org.pe\/index.php\/wp-json\/wp\/v2\/categories?post=1477"},{"taxonomy":"post_tag","embeddable":true,"href":"https:\/\/ceas.org.pe\/index.php\/wp-json\/wp\/v2\/tags?post=1477"}],"curies":[{"name":"wp","href":"https:\/\/api.w.org\/{rel}","templated":true}]}}