{"id":1475,"date":"2013-10-16T08:11:37","date_gmt":"2013-10-16T08:11:37","guid":{"rendered":""},"modified":"2026-03-11T09:12:29","modified_gmt":"2026-03-11T14:12:29","slug":"coritas-del-pero-presenta-libro-dirigido-a-padres-de-nios-y-jovenes-con-discapacidd","status":"publish","type":"post","link":"https:\/\/ceas.org.pe\/index.php\/2013\/10\/16\/coritas-del-pero-presenta-libro-dirigido-a-padres-de-nios-y-jovenes-con-discapacidd\/","title":{"rendered":"C\u00f3ritas del Per\u00f3 presenta libro dirigido a padres de ni\u00f3@s y j\u00f3venes con discapacid@d"},"content":{"rendered":"<p>Este manual busca mejorar el entorno familiar para favorecer los procesos de aprendizaje y desarrollo de todos sus miembros y en especial de las personas con habilidades diferentes. Adem\u00e1s, presenta acciones claves que orientan el apoyo que se les dar\u00e1 en el hogar a estas personas.<\/p>\n<p>C\u00e1ritas del Per\u00fa propone que este Manual sirva a los padres y madres a ir descubriendo y fortaleciendo, de manera natural, el aprendizaje de sus hijos.<\/p>\n<p>En cada cap\u00edtulo de esta publicaci\u00f3n, se brindan orientaciones para su uso, proponiendo y describiendo algunas estrategias de trabajo y lecturas que buscan motivar la reflexi\u00f3n. Adem\u00e1s, cada secci\u00f3n se cuenta con un cuestionario para autoevaluar y reforzar lo aprendido.<\/p>\n<p>Cabe se\u00f1alar que, los contenidos de este documento han sido trabajados con el apoyo de la docente Milagros Medina Arenas y la psicopedagoga Leidy Patricia Peralta, as\u00ed como los padres, madres de familia y promotores comunitarios que participan en los proyectos que C\u00e1ritas del Per\u00fa viene implementando desde el 2009 en alianza con las C\u00e1ritas Diocesanas de Arequipa, Moquegua y Tacna, con el apoyo de Caritas Alemania, en favor de la mejora de la calidad de vida y el ejercicio del derecho a la educaci\u00f3n de los ni\u00f1os y adolescentes con discapacidad.<strong>(http:\/\/www.caritas.org.pe)<\/strong><br \/>\n\u00a0<\/p>\n<p><a href=\"http:\/\/web.hilo.org.pe\/wp-content\/uploads\/atendiendo_libro_discapacidad.jpg\" target=\"_blank\" rel=\"noopener\">Ver archivo adjunto<\/a><\/p>\n","protected":false},"excerpt":{"rendered":"<p>Con el prop?sito de apoyar a los padres y madres de ni?os y adolescentes con discapacidad, as? como educadores, promotores comunitarios, docentes y profesionales que trabajan en este tema, C?ritas del Per? presenta el libro ?Atendiendo a la diversidad: Manual para el trabajo con padres y madres de ni?os, ni?as y j?venes con discapacidad?.<\/p>\n","protected":false},"author":1,"featured_media":7856,"comment_status":"closed","ping_status":"closed","sticky":false,"template":"","format":"standard","meta":{"footnotes":""},"categories":[9],"tags":[],"class_list":["post-1475","post","type-post","status-publish","format-standard","has-post-thumbnail","hentry","category-noticias"],"_links":{"self":[{"href":"https:\/\/ceas.org.pe\/index.php\/wp-json\/wp\/v2\/posts\/1475","targetHints":{"allow":["GET"]}}],"collection":[{"href":"https:\/\/ceas.org.pe\/index.php\/wp-json\/wp\/v2\/posts"}],"about":[{"href":"https:\/\/ceas.org.pe\/index.php\/wp-json\/wp\/v2\/types\/post"}],"author":[{"embeddable":true,"href":"https:\/\/ceas.org.pe\/index.php\/wp-json\/wp\/v2\/users\/1"}],"replies":[{"embeddable":true,"href":"https:\/\/ceas.org.pe\/index.php\/wp-json\/wp\/v2\/comments?post=1475"}],"version-history":[{"count":1,"href":"https:\/\/ceas.org.pe\/index.php\/wp-json\/wp\/v2\/posts\/1475\/revisions"}],"predecessor-version":[{"id":7744,"href":"https:\/\/ceas.org.pe\/index.php\/wp-json\/wp\/v2\/posts\/1475\/revisions\/7744"}],"wp:featuredmedia":[{"embeddable":true,"href":"https:\/\/ceas.org.pe\/index.php\/wp-json\/wp\/v2\/media\/7856"}],"wp:attachment":[{"href":"https:\/\/ceas.org.pe\/index.php\/wp-json\/wp\/v2\/media?parent=1475"}],"wp:term":[{"taxonomy":"category","embeddable":true,"href":"https:\/\/ceas.org.pe\/index.php\/wp-json\/wp\/v2\/categories?post=1475"},{"taxonomy":"post_tag","embeddable":true,"href":"https:\/\/ceas.org.pe\/index.php\/wp-json\/wp\/v2\/tags?post=1475"}],"curies":[{"name":"wp","href":"https:\/\/api.w.org\/{rel}","templated":true}]}}