{"id":1473,"date":"2013-10-16T11:23:34","date_gmt":"2013-10-16T11:23:34","guid":{"rendered":""},"modified":"2026-03-11T09:12:29","modified_gmt":"2026-03-11T14:12:29","slug":"el-papa-francisco-lanzaro-una-campaoa-internacional-contra-el-hambre","status":"publish","type":"post","link":"https:\/\/ceas.org.pe\/index.php\/2013\/10\/16\/el-papa-francisco-lanzaro-una-campaoa-internacional-contra-el-hambre\/","title":{"rendered":"El Papa Francisco lanzar\u00f3 una campa\u00f3a internacional contra el hambre"},"content":{"rendered":"<p>Tal y como informa la agencia Aciprensa,\u2028 el anuncio fue hecho durante la presentaci\u00f3n de la Memoria de actividades 2012 de C\u00e1ritas Espa\u00f1a y el Informe de la Realidad Social, en la que estuvo acompa\u00f1ado por el obispo responsable de C\u00e1ritas en la Comisi\u00f3n Episcopal de Pastoral Social, monse\u00f1or Alfonso Mili\u00e1n, y el presidente de la entidad, Rafael del R\u00edo.<\/p>\n<p>Sobre la campa\u00f1a internacional, el secretario general de C\u00e1ritas Espa\u00f1a explic\u00f3 que lleva ya m\u00e1s de un a\u00f1o de preparaci\u00f3n. Adem\u00e1s afirm\u00f3 que la iniciativa \u201csurge en el momento previo a la culminaci\u00f3n de los objetivos de desarrollo del milenio\u00bb, entre los que se encontraba la erradicaci\u00f3n del hambre extrema.\u2028\u2028<\/p>\n<p>La campa\u00f1a tendr\u00e1 cuatro l\u00edneas de actuaci\u00f3n, matiz\u00f3 Mora, que son \u00abla incidencia p\u00fablica, la sensibilizaci\u00f3n a la poblaci\u00f3n y especialmente a las comunidades cristianas, la participaci\u00f3n de las personas empobrecidas en su propio desarrollo y por \u00faltimo la incidencia pol\u00edtica ante los organismos internacionales en el \u00e1mbito de la seguridad alimentaria y la lucha contra el hambre\u00bb.<\/p>\n<p>Para concluir, dijo que \u00abel papa Francisco tendr\u00e1 un papel de apoyo, de soporte; har\u00e1 una declaraci\u00f3n y un gesto que dar\u00e1 inicio a la campa\u00f1a. Pero el papa es imprevisible, por lo que el apoyo que preste ser\u00e1 seguramente mayor, por la especial sensibilizaci\u00f3n que tiene con el mundo de la pobreza\u00bb.<\/p>\n<p>De la presentaci\u00f3n de estos dos documentos, se pueden destacar que el apoyo social a C\u00e1ritas en Espa\u00f1a sigue subiendo como demuestra el n\u00famero de 70.229 voluntarios que participaron durante 2012 (un 9,3 por ciento con relaci\u00f3n a 2011) en las acciones de lucha contra la pobreza desarrolladas por las 70 C\u00e1ritas Diocesanas y las m\u00e1s de 6.000 C\u00e1ritas Parroquiales que integran la Confederaci\u00f3n. Esa tendencia es similar a la que refleja la evoluci\u00f3n de los recursos invertidos, que ascendieron a 276,2 millones de euros durante el\u00a0 \u00faltimo a\u00f1o, lo que supone un aumento de 25,5 millones de euros (10,2 por ciento) con relaci\u00f3n a 2011.<br \/>\nPo otra parte, el VIII Informe del ORS de C\u00e1ritas constata la existencia en Espa\u00f1a de situaciones y hechos que indican un creciente empobrecimiento de la sociedad y el aumento del riesgo de fractura social.<\/p>\n<p>La respuesta de la sociedad a este incremento de la desigualdad se refleja en los datos recogidos en la Memoria anual de C\u00e1ritas. As\u00ed, de los 276 millones de euros invertidos en 2012, casi 194 millones (el 70,20% del total de recursos) proceden de aportaciones privadas, lo que supone un incremento de 27,7 millones de euros con relaci\u00f3n al ejercicio anterior. Los fondos p\u00fablicos manejados por C\u00e1ritas ascendieron a 83,3 millones de euros (29,80% del total).<\/p>\n<p>Gracias al trabajo gratuito de los 70.000 voluntarios y la actividad de 4.253 personas contratadas, C\u00e1ritas ha podido aportar soluciones y oportunidades a las personas m\u00e1s expuestas a la pobreza. En 2012, la red parroquial y diocesana de la Confederaci\u00f3n C\u00e1ritas construy\u00f3 oportunidades y procesos para 4.929.361 personas en situaci\u00f3n de mayor exclusi\u00f3n social. De ellas, 1.904.737 fueron acompa\u00f1adas en Espa\u00f1a y 3.024.624 en los pa\u00edses del Sur. <strong>(Zenit.org)<br \/>\n<\/strong><\/p>\n<p><a href=\"http:\/\/web.hilo.org.pe\/wp-content\/uploads\/ninos-hambre-India-arabia.jpg\" target=\"_blank\" rel=\"noopener\">Ver archivo adjunto<\/a><\/p>\n","protected":false},"excerpt":{"rendered":"<p>El secretario general de C?ritas Espa?a, Sebasti?n Mora, anunci? el pasado jueves, que el 10 de diciembre comenzar? una campa?a internacional de lucha contra el hambre que involucrar? a todas las C?ritas del mundo, y que \u00abser? inaugurada por el papa Francisco en el Vaticano, donde se impulsar? el proyecto de compromiso con los pa?ses del &#8216;sur&#8217; de toda la Iglesia Universal\u00bb.<\/p>\n","protected":false},"author":1,"featured_media":7855,"comment_status":"closed","ping_status":"closed","sticky":false,"template":"","format":"standard","meta":{"footnotes":""},"categories":[9],"tags":[],"class_list":["post-1473","post","type-post","status-publish","format-standard","has-post-thumbnail","hentry","category-noticias"],"_links":{"self":[{"href":"https:\/\/ceas.org.pe\/index.php\/wp-json\/wp\/v2\/posts\/1473","targetHints":{"allow":["GET"]}}],"collection":[{"href":"https:\/\/ceas.org.pe\/index.php\/wp-json\/wp\/v2\/posts"}],"about":[{"href":"https:\/\/ceas.org.pe\/index.php\/wp-json\/wp\/v2\/types\/post"}],"author":[{"embeddable":true,"href":"https:\/\/ceas.org.pe\/index.php\/wp-json\/wp\/v2\/users\/1"}],"replies":[{"embeddable":true,"href":"https:\/\/ceas.org.pe\/index.php\/wp-json\/wp\/v2\/comments?post=1473"}],"version-history":[{"count":1,"href":"https:\/\/ceas.org.pe\/index.php\/wp-json\/wp\/v2\/posts\/1473\/revisions"}],"predecessor-version":[{"id":7742,"href":"https:\/\/ceas.org.pe\/index.php\/wp-json\/wp\/v2\/posts\/1473\/revisions\/7742"}],"wp:featuredmedia":[{"embeddable":true,"href":"https:\/\/ceas.org.pe\/index.php\/wp-json\/wp\/v2\/media\/7855"}],"wp:attachment":[{"href":"https:\/\/ceas.org.pe\/index.php\/wp-json\/wp\/v2\/media?parent=1473"}],"wp:term":[{"taxonomy":"category","embeddable":true,"href":"https:\/\/ceas.org.pe\/index.php\/wp-json\/wp\/v2\/categories?post=1473"},{"taxonomy":"post_tag","embeddable":true,"href":"https:\/\/ceas.org.pe\/index.php\/wp-json\/wp\/v2\/tags?post=1473"}],"curies":[{"name":"wp","href":"https:\/\/api.w.org\/{rel}","templated":true}]}}