{"id":1469,"date":"2013-10-14T09:05:08","date_gmt":"2013-10-14T09:05:08","guid":{"rendered":""},"modified":"2026-03-11T09:12:29","modified_gmt":"2026-03-11T14:12:29","slug":"francisco-encomienda-el-mundo-a-la-virgen-de-fotima-en-san-pedro","status":"publish","type":"post","link":"https:\/\/ceas.org.pe\/index.php\/2013\/10\/14\/francisco-encomienda-el-mundo-a-la-virgen-de-fotima-en-san-pedro\/","title":{"rendered":"Francisco encomienda el mundo a la Virgen de F\u00f3tima en San Pedro"},"content":{"rendered":"<p>A los pies de su imagen, tra\u00edda desde el santuario de Portugal, le pidi\u00f3 protecci\u00f3n para las personas, que refuerce el \u201cdeseo de bien\u201d, que reavive la fe y la caridad y que ense\u00f1e a cuidar a los excluidos y a quienes sufren.<\/p>\n<p>TEXTO \u00cdNTEGRO DE LA ORACI\u00d3N DEL PAPA:<\/p>\n<p>Bienaventurada Mar\u00eda, Virgen de F\u00e1tima,<br \/>\ncon renovada gratitud por tu presencia materna<br \/>\nunimos nuestra voz a la de todas las generaciones que te llaman bienaventurada.<\/p>\n<p>Celebramos en ti las grandes obras de Dios,<br \/>\nque nunca se cansa de inclinarse con misericordia sobre la humanidad afligida por el mal y herida por el pecado, para sanarla y salvarla.<\/p>\n<p>Acoge con benevolencia de madre<br \/>\nel acto por el nos ponemos hoy bajo tu protecci\u00f3n con confianza, ante esta t\u00fa imagen<br \/>\ntan querida por todos nosotros.<\/p>\n<p>Estamos seguros que cada uno de nosotros es precioso a tus ojos y que nada te es ajeno de todo lo que habita en nuestros corazones. Nos dejamos alcanzar por tu dulc\u00edsima mirada y recibimos la caricia consoladora de tu sonrisa.<\/p>\n<p>Protege nuestra vida entre tus brazos:<br \/>\nbendice y refuerza cada deseo de bien; reaviva y alimenta la fe; sost\u00e9n e ilumina la esperanza; suscita y anima la caridad; gu\u00edanos a todos nosotros en el camino de la santidad.<\/p>\n<p>Ens\u00e9\u00f1anos tu mismo amor de predilecci\u00f3n hacia los peque\u00f1os y los pobres, hacia los excluidos y los que sufren, por los pecadores y por los que tienen el coraz\u00f3n perdido:\u00a0 re\u00fane a todos bajo tu protecci\u00f3n y a todos entr\u00e9gales a tu Hijo dilecto, el Se\u00f1or Nuestro, Jes\u00fas. Am\u00e9n.<strong>\u00a0 (Romereports.com)<\/strong><br \/>\n\u00a0<\/p>\n<p><a href=\"http:\/\/web.hilo.org.pe\/wp-content\/uploads\/virgn_fatima.jpg\" target=\"_blank\" rel=\"noopener\">Ver archivo adjunto<\/a><\/p>\n","protected":false},"excerpt":{"rendered":"<p>Al final de la Misa del domingo en el Vaticano y ante m?s de cien mil peregrinos, el Papa Francisco encomend? la Iglesia a la Virgen con una oraci?n especial.<\/p>\n","protected":false},"author":1,"featured_media":7855,"comment_status":"closed","ping_status":"closed","sticky":false,"template":"","format":"standard","meta":{"footnotes":""},"categories":[9],"tags":[],"class_list":["post-1469","post","type-post","status-publish","format-standard","has-post-thumbnail","hentry","category-noticias"],"_links":{"self":[{"href":"https:\/\/ceas.org.pe\/index.php\/wp-json\/wp\/v2\/posts\/1469","targetHints":{"allow":["GET"]}}],"collection":[{"href":"https:\/\/ceas.org.pe\/index.php\/wp-json\/wp\/v2\/posts"}],"about":[{"href":"https:\/\/ceas.org.pe\/index.php\/wp-json\/wp\/v2\/types\/post"}],"author":[{"embeddable":true,"href":"https:\/\/ceas.org.pe\/index.php\/wp-json\/wp\/v2\/users\/1"}],"replies":[{"embeddable":true,"href":"https:\/\/ceas.org.pe\/index.php\/wp-json\/wp\/v2\/comments?post=1469"}],"version-history":[{"count":1,"href":"https:\/\/ceas.org.pe\/index.php\/wp-json\/wp\/v2\/posts\/1469\/revisions"}],"predecessor-version":[{"id":7748,"href":"https:\/\/ceas.org.pe\/index.php\/wp-json\/wp\/v2\/posts\/1469\/revisions\/7748"}],"wp:featuredmedia":[{"embeddable":true,"href":"https:\/\/ceas.org.pe\/index.php\/wp-json\/wp\/v2\/media\/7855"}],"wp:attachment":[{"href":"https:\/\/ceas.org.pe\/index.php\/wp-json\/wp\/v2\/media?parent=1469"}],"wp:term":[{"taxonomy":"category","embeddable":true,"href":"https:\/\/ceas.org.pe\/index.php\/wp-json\/wp\/v2\/categories?post=1469"},{"taxonomy":"post_tag","embeddable":true,"href":"https:\/\/ceas.org.pe\/index.php\/wp-json\/wp\/v2\/tags?post=1469"}],"curies":[{"name":"wp","href":"https:\/\/api.w.org\/{rel}","templated":true}]}}