{"id":1464,"date":"2013-10-10T08:29:46","date_gmt":"2013-10-10T08:29:46","guid":{"rendered":""},"modified":"2026-03-11T09:12:29","modified_gmt":"2026-03-11T14:12:29","slug":"mons-eguren-explica-en-el-congreso-de-la-repoblica-importancia-de-la-familia","status":"publish","type":"post","link":"https:\/\/ceas.org.pe\/index.php\/2013\/10\/10\/mons-eguren-explica-en-el-congreso-de-la-repoblica-importancia-de-la-familia\/","title":{"rendered":"Mons. Eguren explica en el Congreso de la Rep\u00f3blica importancia de la familia"},"content":{"rendered":"<p>En dicha Conferencia, el Arzobispo tuvo a su cargo la primera exposici\u00f3n sobre el tema, seguido de la intervenci\u00f3n de los Doctores Guillermo y Milagros Aguayo, Directores del Centro para el Desarrollo de la Familia, quienes desarrollaron la segunda exposici\u00f3n.<\/p>\n<p>El objetivo de este evento fue reflexionar en torno a la importancia de la instituci\u00f3n familiar para el desarrollo de la sociedad, los desaf\u00edos que enfrentan las familias en la coyuntura actual, as\u00ed como la necesidad de resguardarlas con pol\u00edticas p\u00fablicas que legislen de acuerdo a su orden natural.<\/p>\n<p>Al iniciar su exposici\u00f3n Monse\u00f1or Eguren manifest\u00f3 que una naci\u00f3n avanza en la misma direcci\u00f3n por la que camina la familia. \u00abCuando la integridad y la estabilidad de la vida familiar se fortalecen, otro tanto sucede con la integridad y estabilidad de la naci\u00f3n. Y es que la familia fundada en el matrimonio tiene dos valores esenciales para toda sociedad y para toda cultura: la estabilidad y la fecundidad. De esta manera la familia asegura a la sociedad los dinamismos de permanencia y despliegue\u00bb. <\/p>\n<p>Agreg\u00f3 que si los peruanos queremos darle un rostro verdaderamente humano a nuestro futuro, no podemos ignorar el don precioso de la familia, fundada sobre el matrimonio entre un var\u00f3n y una mujer en un consorcio para toda la vida, que se ordena por su misma \u00edndole natural al bien de los c\u00f3nyuges y a la generaci\u00f3n y educaci\u00f3n de los hijos.<\/p>\n<p>Se\u00f1al\u00f3 que la defensa y promoci\u00f3n de la familia \u201cno es s\u00f3lo una cuesti\u00f3n confesional sino de justicia\u201d, y adem\u00e1s es el mejor ant\u00eddoto contra el deterioro moral de un pueblo, que a\u00f1ade a la pobreza material la pobreza espiritual que hunde en la desesperanza y disuelve el tejido social. <\/p>\n<p>Antes de finalizar su participaci\u00f3n, Monse\u00f1or Eguren exhort\u00f3 a los presentes sobre la importancia de respetar toda vida humana desde su concepci\u00f3n hasta su fin natural. \u201cEs en la familia donde la vida humana es percibida como don, como realidad sagrada, confiada a la responsabilidad, veneraci\u00f3n y custodia amorosa de los padres\u201d. \u201cLa familia junto con la Iglesia est\u00e1 llamada a proclamar constantemente el car\u00e1cter sagrado e inviolable de cada vida humana, desde su concepci\u00f3n hasta su fin natural\u201d.<\/p>\n<p>\u201cEn los actuales momentos en que se ha abierto nuevamente la posibilidad de la despenalizaci\u00f3n y legalizaci\u00f3n del aborto en nuestro pa\u00eds, el no de la Iglesia a este crimen abominable es un s\u00ed a la vida, que puede alcanzar a todo ser humano en el santuario de su conciencia. La defensa de la vida desde la concepci\u00f3n hasta su fin natural con la muerte, no admite de nuestra parte silencios, excusas, ni excepciones. Todos debemos proclamar que Dios es el \u00fanico Se\u00f1or de la Vida, que el hombre no es ni puede ser amo o \u00e1rbitro de la vida humana. Si nos conmueve hasta la entra\u00f1as ver a una gran cantidad de hombres y de mujeres, de ni\u00f1os, j\u00f3venes y ancianos que se ven atropellados diariamente en su dignidad humana y en sus derechos, conmov\u00e1monos tambi\u00e9n con los concebidos no nacidos, los m\u00e1s pobres e indefensos de todos, que se ven amenazados en su derecho fundamental a la vida\u201d, concluy\u00f3. <strong>(Fuente www.iglesiacatolica.org.pe)<br \/>\n<\/strong><br \/>\n\u00a0<\/p>\n<p><a href=\"http:\/\/web.hilo.org.pe\/wp-content\/uploads\/arzobispo-piura-en-el-congreso-peruano.JPG\" target=\"_blank\" rel=\"noopener\">Ver archivo adjunto<\/a><\/p>\n","protected":false},"excerpt":{"rendered":"<p>Monse?or Jos? Antonio Eguren Anselmi, SCV., Arzobispo de Piura, particip? en la Conferencia: ?La Familia, Base y Fundamento para el Desarrollo de la Sociedad?, organizada por el Congresista de la Rep?blica Julio Rosas, en el Hemiciclo Ra?l Porras Barrenechea, del Congreso de la Rep?blica.<\/p>\n","protected":false},"author":1,"featured_media":7883,"comment_status":"closed","ping_status":"closed","sticky":false,"template":"","format":"standard","meta":{"footnotes":""},"categories":[9],"tags":[],"class_list":["post-1464","post","type-post","status-publish","format-standard","has-post-thumbnail","hentry","category-noticias"],"_links":{"self":[{"href":"https:\/\/ceas.org.pe\/index.php\/wp-json\/wp\/v2\/posts\/1464","targetHints":{"allow":["GET"]}}],"collection":[{"href":"https:\/\/ceas.org.pe\/index.php\/wp-json\/wp\/v2\/posts"}],"about":[{"href":"https:\/\/ceas.org.pe\/index.php\/wp-json\/wp\/v2\/types\/post"}],"author":[{"embeddable":true,"href":"https:\/\/ceas.org.pe\/index.php\/wp-json\/wp\/v2\/users\/1"}],"replies":[{"embeddable":true,"href":"https:\/\/ceas.org.pe\/index.php\/wp-json\/wp\/v2\/comments?post=1464"}],"version-history":[{"count":1,"href":"https:\/\/ceas.org.pe\/index.php\/wp-json\/wp\/v2\/posts\/1464\/revisions"}],"predecessor-version":[{"id":7754,"href":"https:\/\/ceas.org.pe\/index.php\/wp-json\/wp\/v2\/posts\/1464\/revisions\/7754"}],"wp:featuredmedia":[{"embeddable":true,"href":"https:\/\/ceas.org.pe\/index.php\/wp-json\/wp\/v2\/media\/7883"}],"wp:attachment":[{"href":"https:\/\/ceas.org.pe\/index.php\/wp-json\/wp\/v2\/media?parent=1464"}],"wp:term":[{"taxonomy":"category","embeddable":true,"href":"https:\/\/ceas.org.pe\/index.php\/wp-json\/wp\/v2\/categories?post=1464"},{"taxonomy":"post_tag","embeddable":true,"href":"https:\/\/ceas.org.pe\/index.php\/wp-json\/wp\/v2\/tags?post=1464"}],"curies":[{"name":"wp","href":"https:\/\/api.w.org\/{rel}","templated":true}]}}