{"id":1462,"date":"2013-10-09T07:59:07","date_gmt":"2013-10-09T07:59:07","guid":{"rendered":""},"modified":"2026-03-11T09:12:29","modified_gmt":"2026-03-11T14:12:29","slug":"card-filoni-sean-hombres-de-dios-no-burocratas-ideologos-o-psiquiatras","status":"publish","type":"post","link":"https:\/\/ceas.org.pe\/index.php\/2013\/10\/09\/card-filoni-sean-hombres-de-dios-no-burocratas-ideologos-o-psiquiatras\/","title":{"rendered":"Card. Filoni: &#8216;Sean hombres de Dios, no bur\u00f3cratas, ide\u00f3logos o psiquiatras&#8217;"},"content":{"rendered":"<p>\u201cEste encuentro abraza de forma figurada \u2013dijo el cardenal a los seminaristas reunidos en el Seminario Mayor de Se\u00fal, junto con sus formadores- a todos los alumnos de nuestros seminarios de Corea, a los que dirijo mi m\u00e1s afectuoso saludo. La Iglesia de Corea hoy responde, con m\u00e1s de 1.500 j\u00f3venes, a las necesidades pastorales futuras, prepar\u00e1ndoos para el ministerio sacerdotal\u201d.<\/p>\n<p>El cardenal, informa la agencia Fides, se ha detenido para reflexionar sobre el discernimiento y la orientaci\u00f3n: \u201cEl tiempo que pas\u00e1is en el seminario \u2013 afirm\u00f3 &#8211; es un tiempo de discernimiento, de orientaci\u00f3n y preparaci\u00f3n para el servicio de Dios y de la Iglesia. En este contexto, deseo subrayar que la responsabilidad recae en los obispos y los formadores, los cuales no pueden dar a esta tarea una peque\u00f1a parte de su tiempo o una atenci\u00f3n parcial\u201d.<\/p>\n<p>Enumerando\u00a0 las caracter\u00edsticas que deben poseer cada sacerdote el cardenal se\u00f1al\u00f3: \u201cQue sea un hombre de Dios, un hombre de oraci\u00f3n, un amante de la Liturgia de las Horas y de la oraci\u00f3n personal; un hombre de gran virtud y caridad&#8230;, hombre realmente formado en la Palabra y de la sabidur\u00eda divina. Por lo tanto no bur\u00f3cratas o administradores de las cuestiones religiosas como de una asociaci\u00f3n piadosa u organizaci\u00f3n no gubernamental (ONG), no ide\u00f3logos de un mensaje evang\u00e9lico de tipo socializante seg\u00fan una lectura adecuada a las ciencias pol\u00edticas y sociales, ni siquiera un psiquiatra inmanente y autorreferencial, carente de la trascendencia y de la misi\u00f3n, y menos a\u00fan un tipo elitista, o que est\u00e1 lejos de la realidad, en un contexto de pesimismo sin cuerpo, lejos de Dios y los hombres\u201d.<\/p>\n<p>Tras dar las gracias a los obispos, los profesores y los formadores, el Cardenal Filoni concluy\u00f3: \u201cQuiero asegurarles, queridos seminaristas, que tambi\u00e9n nuestra congregaci\u00f3n les sigue con mucha atenci\u00f3n. Ustedes representan la esperanza de la Iglesia en Corea, una Iglesia viva y muy admirada en el mundo cat\u00f3lico, as\u00ed como en esta regi\u00f3n de Asia\u201d.\u00a0 <strong>(Fuente Zenit.org) <\/strong><br \/>\n\u00a0<\/p>\n<p><a href=\"http:\/\/web.hilo.org.pe\/wp-content\/uploads\/card-Fernando_Filoni.jpg\" target=\"_blank\" rel=\"noopener\">Ver archivo adjunto<\/a><\/p>\n","protected":false},"excerpt":{"rendered":"<p>El cardenal Fernando Filoni, prefecto de la Congregaci?n para la Evangelizaci?n de los Pueblos, se encuentra de visita pastoral en Corea. En su ?ltimo encuentro all?, se ha reunido en la tarde del 5 de octubre con los seminaristas.<\/p>\n","protected":false},"author":1,"featured_media":7885,"comment_status":"closed","ping_status":"closed","sticky":false,"template":"","format":"standard","meta":{"footnotes":""},"categories":[9],"tags":[],"class_list":["post-1462","post","type-post","status-publish","format-standard","has-post-thumbnail","hentry","category-noticias"],"_links":{"self":[{"href":"https:\/\/ceas.org.pe\/index.php\/wp-json\/wp\/v2\/posts\/1462","targetHints":{"allow":["GET"]}}],"collection":[{"href":"https:\/\/ceas.org.pe\/index.php\/wp-json\/wp\/v2\/posts"}],"about":[{"href":"https:\/\/ceas.org.pe\/index.php\/wp-json\/wp\/v2\/types\/post"}],"author":[{"embeddable":true,"href":"https:\/\/ceas.org.pe\/index.php\/wp-json\/wp\/v2\/users\/1"}],"replies":[{"embeddable":true,"href":"https:\/\/ceas.org.pe\/index.php\/wp-json\/wp\/v2\/comments?post=1462"}],"version-history":[{"count":1,"href":"https:\/\/ceas.org.pe\/index.php\/wp-json\/wp\/v2\/posts\/1462\/revisions"}],"predecessor-version":[{"id":7756,"href":"https:\/\/ceas.org.pe\/index.php\/wp-json\/wp\/v2\/posts\/1462\/revisions\/7756"}],"wp:featuredmedia":[{"embeddable":true,"href":"https:\/\/ceas.org.pe\/index.php\/wp-json\/wp\/v2\/media\/7885"}],"wp:attachment":[{"href":"https:\/\/ceas.org.pe\/index.php\/wp-json\/wp\/v2\/media?parent=1462"}],"wp:term":[{"taxonomy":"category","embeddable":true,"href":"https:\/\/ceas.org.pe\/index.php\/wp-json\/wp\/v2\/categories?post=1462"},{"taxonomy":"post_tag","embeddable":true,"href":"https:\/\/ceas.org.pe\/index.php\/wp-json\/wp\/v2\/tags?post=1462"}],"curies":[{"name":"wp","href":"https:\/\/api.w.org\/{rel}","templated":true}]}}