{"id":1457,"date":"2013-10-07T08:32:07","date_gmt":"2013-10-07T08:32:07","guid":{"rendered":""},"modified":"2026-03-11T09:12:29","modified_gmt":"2026-03-11T14:12:29","slug":"definen-a-ganadores-de-opremio-de-periodismo-cardenal-juan-landozuri-ricketts-2013o","status":"publish","type":"post","link":"https:\/\/ceas.org.pe\/index.php\/2013\/10\/07\/definen-a-ganadores-de-opremio-de-periodismo-cardenal-juan-landozuri-ricketts-2013o\/","title":{"rendered":"Definen a ganadores de \u00f3Premio de periodismo Cardenal Juan Land\u00f3zuri Ricketts 2013\u00f3"},"content":{"rendered":"<p>Luego de arduas sesiones, los miembros de los jurados conformados para evaluar a los trabajos y producciones de Prensa Escrita, Radio, Televisi\u00f3n e Internet, que se presentaron para este a\u00f1o, definieron a los ganadores.<\/p>\n<p>As\u00ed, en Prensa Escrita, se decidi\u00f3 dar el Premio Cardenal Juan Land\u00e1zuri, en la categor\u00eda Catequ\u00e9tico Religioso al art\u00edculo \u201cBendecir\u00e1n las campanas\u2026\u201d de V\u00edctor Lacercy D\u00edaz, del Semanario Expresi\u00f3n de Chiclayo. En segundo lugar fue elegido \u201cPadres Franciscanos cumplen gran labor a favor de la cultura peruana\u201d, de Nivardo C\u00f3rdova, del Diario El Peruano. Tambi\u00e9n se decidi\u00f3 dar una menci\u00f3n de honor a: \u201cBuscando el origen de la fe chimbotana\u2026\u201d, de Jos\u00e9 Guti\u00e9rrez Blas, quien es articulista de La Industria de Chimbote.<\/p>\n<p>\nEn tanto, en la categor\u00eda \u201cLibre\u201d, se otorg\u00f3 el Premio al art\u00edculo \u201cJ\u00f3venes conocen y cambian el mundo\u2026\u201d, de Fabi\u00e1n Vayas, del Diario El Peruano. El segundo lugar fue para \u201cTajo de vida\u201d de la revista Ideele.<\/p>\n<p>\nEn Radio, en la categor\u00eda Catequ\u00e9tico Religioso se otorg\u00f3 el Premio Cardenal Land\u00e1zuri a \u201cLa Porci\u00fancula Franciscana en el Convento de los Descalzos\u201d, de Renzo Ch\u00e1vez, de la Asociaci\u00f3n Nacional de Periodistas. En la categor\u00eda Libre, se decidi\u00f3 dar una menci\u00f3n de honor a \u201cLa Educaci\u00f3n Rural y su rival el Quechua\u201d, de Nataline Estrada, de Radio Santo Domingo de Chimbote.<\/p>\n<p>\nEn Televisi\u00f3n y Video Profesional, categor\u00eda Catequ\u00e9tico Religioso, el Premio es para \u201cEl significado de Francisco\u201d, de Mart\u00edn Rielp, de Reporte Semanal \u2013 Frecuencia Latina. En la categor\u00eda Libre el ganador fue \u201cNi\u00f1os con esp\u00edritu de acero\u201d de Vanesa L\u00f3pez, de Panorama \u2013 Panamericana Televisi\u00f3n y el segundo lugar para \u201cLos ni\u00f1os invencibles de Yo puedo\u201d, de Eduardo Cornejo, de Reporte Semanal \u2013 Frecuencia Latina.<\/p>\n<p>En la categor\u00eda Universitaria, el Premio Cardenal Land\u00e1zuri es para \u201cEl S\u00edndrome de Down\u201d de la Universidad Peruana de Ciencias Aplicadas \u2013 UPC, y la menci\u00f3n de honor para \u201cCampoy, reviviendo la historia\u201d de la Universidad San Mart\u00edn de Porres\u201d. En tanto, en la modalidad Documental el ganador fue \u201cH\u00e9roe Ol\u00edmpico\u201d del periodista Luis Cam. <\/p>\n<p>Finalmente, en Internet, en la categor\u00eda P\u00e1ginas Web, el ganador fue el diario digital de\u00a0 www.chimboteenlinea.com y en la categor\u00eda Blogs, se eligi\u00f3 ganador a la p\u00e1gina del historiador Jos\u00e9 Antonio Benito: http:\/\/jabenito.blogspot.com\/ <\/p>\n<p>Todos los ganadores ser\u00e1n premiados en una ceremonia que se realizar\u00e1 el pr\u00f3ximo viernes 25 de octubre, a las 10:30 de la ma\u00f1ana, en el Auditorio de la Conferencia Episcopal Peruana. <strong>(Fuente: www.iglesiacatolica.org.pe) <\/strong><br \/>\n\u00a0<\/p>\n<p><a href=\"http:\/\/web.hilo.org.pe\/wp-content\/uploads\/Premio_periodismo_juan_Landazuri_Rickets-2013.jpg\" target=\"_blank\" rel=\"noopener\">Ver archivo adjunto<\/a><\/p>\n","protected":false},"excerpt":{"rendered":"<p>Esta semana, se defini? a los ganadores del Premio Nacional de Periodismos \u00abCardenal Juan Land?zuri Ricketts\u00bb versi?n 2013, que organiza la Comisi?n Episcopal Iglesia en Di?logo con la Sociedad de la Conferencia Episcopal Peruana, como una forma de reconocer el trabajo que realizan los hombres y mujeres del periodismo nacional.<\/p>\n","protected":false},"author":1,"featured_media":0,"comment_status":"closed","ping_status":"closed","sticky":false,"template":"","format":"standard","meta":{"footnotes":""},"categories":[9],"tags":[],"class_list":["post-1457","post","type-post","status-publish","format-standard","hentry","category-noticias"],"_links":{"self":[{"href":"https:\/\/ceas.org.pe\/index.php\/wp-json\/wp\/v2\/posts\/1457","targetHints":{"allow":["GET"]}}],"collection":[{"href":"https:\/\/ceas.org.pe\/index.php\/wp-json\/wp\/v2\/posts"}],"about":[{"href":"https:\/\/ceas.org.pe\/index.php\/wp-json\/wp\/v2\/types\/post"}],"author":[{"embeddable":true,"href":"https:\/\/ceas.org.pe\/index.php\/wp-json\/wp\/v2\/users\/1"}],"replies":[{"embeddable":true,"href":"https:\/\/ceas.org.pe\/index.php\/wp-json\/wp\/v2\/comments?post=1457"}],"version-history":[{"count":1,"href":"https:\/\/ceas.org.pe\/index.php\/wp-json\/wp\/v2\/posts\/1457\/revisions"}],"predecessor-version":[{"id":7761,"href":"https:\/\/ceas.org.pe\/index.php\/wp-json\/wp\/v2\/posts\/1457\/revisions\/7761"}],"wp:attachment":[{"href":"https:\/\/ceas.org.pe\/index.php\/wp-json\/wp\/v2\/media?parent=1457"}],"wp:term":[{"taxonomy":"category","embeddable":true,"href":"https:\/\/ceas.org.pe\/index.php\/wp-json\/wp\/v2\/categories?post=1457"},{"taxonomy":"post_tag","embeddable":true,"href":"https:\/\/ceas.org.pe\/index.php\/wp-json\/wp\/v2\/tags?post=1457"}],"curies":[{"name":"wp","href":"https:\/\/api.w.org\/{rel}","templated":true}]}}