{"id":1455,"date":"2013-10-07T08:21:14","date_gmt":"2013-10-07T08:21:14","guid":{"rendered":""},"modified":"2026-03-11T09:12:29","modified_gmt":"2026-03-11T14:12:29","slug":"papa-responde-preguntas-de-jovenes-en-asos-el-matrimonio-y-el-sacerdocio-son-de-por-vida","status":"publish","type":"post","link":"https:\/\/ceas.org.pe\/index.php\/2013\/10\/07\/papa-responde-preguntas-de-jovenes-en-asos-el-matrimonio-y-el-sacerdocio-son-de-por-vida\/","title":{"rendered":"Papa responde preguntas de j\u00f3venes en As\u00f3s: \u00abEl matrimonio y el sacerdocio son de por vida\u00bb"},"content":{"rendered":"<p><b><span style=\"color: black\">4 de octubre de 2013. (Romereports.com)<\/span><\/b><span style=\"color: black\"> La visita del Papa a As\u00eds concluy\u00f3 con <b>un divertido encuentro de preguntas y respuestas con j\u00f3venes<\/b> de la regi\u00f3n de Umbr\u00eda. Acudieron miles, y Francisco les dijo que el matrimonio entre hombre y mujer es una vocaci\u00f3n como la del sacerdocio. \u00a0 \u00a0 \u00a0 \u00a0\u00a0<\/span><\/p>\n<div style=\"text-align: justify; line-height: normal; margin: 0cm 0cm 3pt\"><span style=\"color: black\">Explic\u00f3 que se basa en el amor: El amor del uno por el otro y el amor por Dios. Lament\u00f3 que hoy <b>la sociedad privilegie los derechos individuales sobre los de las familias <\/b>y record\u00f3 una an\u00e9cdota que vivi\u00f3 con una pareja a punto de casarse.<\/span><\/div>\n<div style=\"text-align: justify; line-height: normal; margin: 0cm 0cm 3pt\">\u00a0<\/div>\n<div style=\"text-align: justify; line-height: normal; margin: 0cm 0cm 3pt\"><b><span style=\"color: black\">Francisco<\/span><\/b><\/div>\n<div style=\"text-align: justify; line-height: normal; margin: 0cm 0cm 3pt\"><i><span style=\"color: black\">\u201c\u00bfSab\u00e9is que el matrimonio es para toda la vida? S\u00ed, nos queremos, pero estaremos juntos s\u00f3lo mientras el amor dure. Cuando acabe, nos separaremos. Eso es ego\u00edsmo\u201d.<\/span><\/i><\/div>\n<div style=\"text-align: justify; line-height: normal; margin: 0cm 0cm 3pt\">\u00a0<\/div>\n<div style=\"text-align: justify; line-height: normal; margin: 0cm 0cm 3pt\"><span style=\"color: black\">El Papa les dijo que <b>casarse es correr un riesgo,<\/b> pero invit\u00f3 a los j\u00f3venes a no tener miedo de dar ese paso y a confiar en que Dios les acompa\u00f1ar\u00e1.<\/span><\/div>\n<div style=\"text-align: justify; line-height: normal; margin: 0cm 0cm 3pt\">\u00a0<\/div>\n<div style=\"text-align: justify; line-height: normal; margin: 0cm 0cm 3pt\"><span style=\"color: black\">Tambi\u00e9n preguntaron c\u00f3mo reconocer la propia vocaci\u00f3n. El Papa respondi\u00f3 que cada uno vive su propia experiencia cuando Dios llama y que no se puede prever. Como el matrimonio, <b>la vocaci\u00f3n religiosa es para toda la vida.<\/b><\/span><\/div>\n<div style=\"text-align: justify; line-height: normal; margin: 0cm 0cm 3pt\">\u00a0<\/div>\n<div style=\"text-align: justify; line-height: normal; margin: 0cm 0cm 3pt\"><b><span style=\"color: black\">Francisco<\/span><\/b><\/div>\n<div style=\"text-align: justify; line-height: normal; margin: 0cm 0cm 3pt\"><i><span style=\"color: black\">\u201cUn d\u00eda escuch\u00e9 decir a un buen seminarista: Quiero ser sacerdote durante diez a\u00f1os. Luego lo pensar\u00e9 otra vez. \u00c9sa es la cultura de la provisionalidad. Jes\u00fas no nos salv\u00f3 provisionalmente, nos salv\u00f3 definitivamente\u201d.<\/span><\/i><\/div>\n<div style=\"text-align: justify; line-height: normal; margin: 0cm 0cm 3pt\">\u00a0<\/div>\n<div style=\"text-align: justify; line-height: normal; margin: 0cm 0cm 3pt\"><span style=\"color: black\">Cuando le preguntaron c\u00f3mo hablar de Dios, el Papa les interrog\u00f3 sobre c\u00f3mo viven su fe en casa o con los amigos. Y les record\u00f3 <b>unas palabras de San Francisco.<\/b><\/span><\/div>\n<div style=\"text-align: justify; line-height: normal; margin: 0cm 0cm 3pt\">\u00a0<\/div>\n<div style=\"text-align: justify; line-height: normal; margin: 0cm 0cm 3pt\"><b><span style=\"color: black\">Francisco<\/span><\/b><\/div>\n<div style=\"text-align: justify; line-height: normal; margin: 0cm 0cm 3pt\"><i><span style=\"color: black\">\u201cPredicad siempre el Evangelio. Y, si es necesario, tambi\u00e9n con palabras. \u00bfSe puede predicar el Evangelio sin palabras? \u00a1Si! Dando testimonio. Primero el testimonio, despu\u00e9s las palabras\u201d.<\/span><\/i><\/div>\n<div style=\"text-align: justify; line-height: normal; margin: 0cm 0cm 3pt\">\u00a0<\/div>\n<div style=\"text-align: justify; line-height: normal; margin: 0cm 0cm 3pt\"><span style=\"color: black\">Antes de subir en el papam\u00f3vil, Francisco salud\u00f3 personalmente a decenas de j\u00f3venes. Muchos de ellos <b>le entregaron cartas personales, <\/b>quiz\u00e1 con la esperanza de que les responda por escrito, o con una de sus famosas llamadas telef\u00f3nicas.<\/span><\/div>\n<p><a href=\"http:\/\/web.hilo.org.pe\/wp-content\/uploads\/EN ASIS.jpg\" target=\"_blank\" rel=\"noopener\">Ver archivo adjunto<\/a><\/p>\n","protected":false},"excerpt":{"rendered":"<p>La visita del Papa a As?s concluy? con un divertido encuentro de preguntas y respuestas con j?venes de la regi?n de Umbr?a. Acudieron miles, y Francisco les dijo que el matrimonio entre hombre y mujer es una vocaci?n como la del sacerdocio.<\/p>\n","protected":false},"author":1,"featured_media":7874,"comment_status":"closed","ping_status":"closed","sticky":false,"template":"","format":"standard","meta":{"footnotes":""},"categories":[9],"tags":[],"class_list":["post-1455","post","type-post","status-publish","format-standard","has-post-thumbnail","hentry","category-noticias"],"_links":{"self":[{"href":"https:\/\/ceas.org.pe\/index.php\/wp-json\/wp\/v2\/posts\/1455","targetHints":{"allow":["GET"]}}],"collection":[{"href":"https:\/\/ceas.org.pe\/index.php\/wp-json\/wp\/v2\/posts"}],"about":[{"href":"https:\/\/ceas.org.pe\/index.php\/wp-json\/wp\/v2\/types\/post"}],"author":[{"embeddable":true,"href":"https:\/\/ceas.org.pe\/index.php\/wp-json\/wp\/v2\/users\/1"}],"replies":[{"embeddable":true,"href":"https:\/\/ceas.org.pe\/index.php\/wp-json\/wp\/v2\/comments?post=1455"}],"version-history":[{"count":1,"href":"https:\/\/ceas.org.pe\/index.php\/wp-json\/wp\/v2\/posts\/1455\/revisions"}],"predecessor-version":[{"id":7763,"href":"https:\/\/ceas.org.pe\/index.php\/wp-json\/wp\/v2\/posts\/1455\/revisions\/7763"}],"wp:featuredmedia":[{"embeddable":true,"href":"https:\/\/ceas.org.pe\/index.php\/wp-json\/wp\/v2\/media\/7874"}],"wp:attachment":[{"href":"https:\/\/ceas.org.pe\/index.php\/wp-json\/wp\/v2\/media?parent=1455"}],"wp:term":[{"taxonomy":"category","embeddable":true,"href":"https:\/\/ceas.org.pe\/index.php\/wp-json\/wp\/v2\/categories?post=1455"},{"taxonomy":"post_tag","embeddable":true,"href":"https:\/\/ceas.org.pe\/index.php\/wp-json\/wp\/v2\/tags?post=1455"}],"curies":[{"name":"wp","href":"https:\/\/api.w.org\/{rel}","templated":true}]}}