{"id":1454,"date":"2013-10-04T09:01:14","date_gmt":"2013-10-04T09:01:14","guid":{"rendered":""},"modified":"2026-03-11T09:12:29","modified_gmt":"2026-03-11T14:12:29","slug":"la-paz-de-san-francisco-no-es-un-sentimiento-cursi-sino-la-de-jesos","status":"publish","type":"post","link":"https:\/\/ceas.org.pe\/index.php\/2013\/10\/04\/la-paz-de-san-francisco-no-es-un-sentimiento-cursi-sino-la-de-jesos\/","title":{"rendered":"La paz de San Francisco no es un sentimiento cursi, sino la de Jes\u00f3s"},"content":{"rendered":"<p>\u00a0El Obispo de Roma tambi\u00e9n pidi\u00f3 que \u201cescuchemos el grito de los que lloran, sufren y mueren por la violencia, el terrorismo o la guerra, en Tierra Santa, tan amada por san Francisco, en Siria, en todo el Oriente Medio, en el mundo\u201d<br \/>\nDirigi\u00e9ndose a san Francisco, junto con la asamblea invit\u00f3 a pedir que nos d\u00e9 el don de Dios de la armon\u00eda y de la paz para nuestro mundo.<\/p>\n<p>\u201cNunca m\u00e1s la guerra; que en este nuestro mundo haya armon\u00eda\u201d. El Pont\u00edfice cit\u00f3 el C\u00e1ntico de San Francisco y dijo con severidad: El hombre est\u00e1 llamado a proteger todo lo que Dios cre\u00f3. Por ello, es necesario respetar a cada ser humano para que \u201ccesen los conflictos armados que ensangrientan nuestra tierra, que callen las armas y en todas partes el odio ceda lugar al amor, la ofensa al perd\u00f3n y la discordia a la uni\u00f3n\u201d.<br \/>\nEl papa Francisco Bergoglio exhort\u00f3 a cambiar de vida. La paz aut\u00e9ntica es la que compromete a cada uno y cambia profundamente el coraz\u00f3n del hombre. Basta, pues, con un irenismo ideol\u00f3gico que ondea como una bandera pero que no cristaliza verdaderamente en las consciencias. Francisco llam\u00f3 a una verdadera conversi\u00f3n para pacificar el mundo, no una paz de fachada, llena de ret\u00f3rica, exterior. El Papa exhort\u00f3 a todos los hombres de buena voluntad a \u201cescuchar el grito de los que lloran, sufren y mueren a causa de la violencia, del terrorismo o de la guerra en la Tierra Santa, tan amada por San Francisco, en Siria, en todo el Medio Oriente, en el mundo\u201d.<br \/>\nEvocando el ejemplo de San Francisco, el papa quiere que la Iglesia se despoje de una\u00a0 vida agitada y se comprometa con los pobres para imitar a Cristo de manera radical.<\/p>\n<p>En la homil\u00eda Francisco destac\u00f3 toda la vida del Pobrecillo de As\u00eds,\u00a0 el amor por los pobres y la imitaci\u00f3n de Cristo pobre son dos elementos unidos de manera indisoluble, las dos caras de la misma moneda.<br \/>\n\u201cSer cristianos es una relaci\u00f3n vital con la persona de Jes\u00fas, es revestirse de \u00c9l, es asimilaci\u00f3n de Jes\u00fas -subray\u00f3 el papa Francisco. EL camino de Francisco hacia Cristo parte de la mirada de Jes\u00fas en la Cruz. Dejarse guiar por Cristo en el momento en el que dona su vida por nosotros y nos atrae hacia s\u00ed. En la Iglesita de San Dami\u00e1n, el Crucifijo no tiene los ojos cerrados, sino abiertos de par en par: una mirada que habla al coraz\u00f3n. Es la experiencia de la gracia que transforma, el ser amados sin m\u00e9rito a\u00fan siendo pecadores\u201d.<\/p>\n<p>\nEl Pont\u00edfice invoc\u00f3 al Pobrecillo de As\u00eds: Ens\u00e9\u00f1anos a permanecer ante el crucifijo, a dejarnos ver por \u00c9l, a dejarnos perdonar, buscar por su amor\u00bb. De hecho, quien sigue a Cristo recibe la verdadera paz, esa que solo Cristo y no el mundo puede darnos.<br \/>\nAdvirti\u00f3 que: La paz franciscana no es un sentimiento cursi. Por favor: \u00a1este San Francisco no existe! Y tampoco es una especie de armon\u00eda pante\u00edstica con las energ\u00edas del cosmos. Esto tampoco es franciscano, sino es una idea que algunos han construido. La paz de San Francisco es la de Cristo y la encuentra quien carga su yugo, es decir su mandamiento: Amaos los unos a los otros como yo os he amado. Este yugo no se puede llevar con arrogancia, presunci\u00f3n, soberbia, sino solo con la mansedumbre y la humildad del coraz\u00f3n . El Papa record\u00f3 al Patr\u00f3n de Italia y ofreci\u00f3 el aceite para la l\u00e1mpara votiva: \u201cRecemos por la naci\u00f3n italiana, para que cada uno trabaje siempre por el bien com\u00fan, viendo lo que une m\u00e1s que lo que divide , seg\u00fan la ense\u00f1anza conciliar del neo-santo Juan XXIII. La homil\u00eda concluy\u00f3 con la oraci\u00f3n franciscana:\u00a0 Padre de la misericordia, no veas nuestra ingratitud, sino acu\u00e9rdate siempre de la abundante piedad que has mostrado\u201d.<br \/>\nEl Pont\u00edfice tambi\u00e9n hizo suya la oraci\u00f3n de san Francisco por As\u00eds, por Italia, por el mundo: \u201cTe ruego, pues, Se\u00f1or m\u00edo Jesucristo, Padre de toda misericordia, que no te acuerdes de nuestras ingratitudes, sino ten presente la inagotable clemencia que has manifestado en esta ciudad, para que sea siempre lugar y morada de los que de veras te conocen y glorifican tu nombre, bendito y glorios\u00edsimo, por los siglos de los siglos. Am\u00e9n\u201d. (EVARED)<br \/>\nFuente: Radio Vaticano y Vatican Insider<br \/>\n\u00a0<\/p>\n<p><a href=\"http:\/\/web.hilo.org.pe\/wp-content\/uploads\/papafrancisco-en-asis.jpg\" target=\"_blank\" rel=\"noopener\">Ver archivo adjunto<\/a><\/p>\n","protected":false},"excerpt":{"rendered":"<p>En la festividad lit?rgica de San Francisco de As?s,  el papa Francisco presidi? una Misa campal celebrada en la Plaza que lleva el nombre del santo de la paz, en la que pidi? que ?respetemos todo ser humano: que cesen los conflictos armados que ensangrientan la tierra, que callen las armas y en todas partes el odio ceda el puesto al amor, la ofensa al perd?n y la discordia a la uni?n?.<\/p>\n","protected":false},"author":1,"featured_media":7855,"comment_status":"closed","ping_status":"closed","sticky":false,"template":"","format":"standard","meta":{"footnotes":""},"categories":[9],"tags":[],"class_list":["post-1454","post","type-post","status-publish","format-standard","has-post-thumbnail","hentry","category-noticias"],"_links":{"self":[{"href":"https:\/\/ceas.org.pe\/index.php\/wp-json\/wp\/v2\/posts\/1454","targetHints":{"allow":["GET"]}}],"collection":[{"href":"https:\/\/ceas.org.pe\/index.php\/wp-json\/wp\/v2\/posts"}],"about":[{"href":"https:\/\/ceas.org.pe\/index.php\/wp-json\/wp\/v2\/types\/post"}],"author":[{"embeddable":true,"href":"https:\/\/ceas.org.pe\/index.php\/wp-json\/wp\/v2\/users\/1"}],"replies":[{"embeddable":true,"href":"https:\/\/ceas.org.pe\/index.php\/wp-json\/wp\/v2\/comments?post=1454"}],"version-history":[{"count":1,"href":"https:\/\/ceas.org.pe\/index.php\/wp-json\/wp\/v2\/posts\/1454\/revisions"}],"predecessor-version":[{"id":7764,"href":"https:\/\/ceas.org.pe\/index.php\/wp-json\/wp\/v2\/posts\/1454\/revisions\/7764"}],"wp:featuredmedia":[{"embeddable":true,"href":"https:\/\/ceas.org.pe\/index.php\/wp-json\/wp\/v2\/media\/7855"}],"wp:attachment":[{"href":"https:\/\/ceas.org.pe\/index.php\/wp-json\/wp\/v2\/media?parent=1454"}],"wp:term":[{"taxonomy":"category","embeddable":true,"href":"https:\/\/ceas.org.pe\/index.php\/wp-json\/wp\/v2\/categories?post=1454"},{"taxonomy":"post_tag","embeddable":true,"href":"https:\/\/ceas.org.pe\/index.php\/wp-json\/wp\/v2\/tags?post=1454"}],"curies":[{"name":"wp","href":"https:\/\/api.w.org\/{rel}","templated":true}]}}