{"id":1449,"date":"2013-10-03T09:20:35","date_gmt":"2013-10-03T09:20:35","guid":{"rendered":""},"modified":"2026-03-11T09:12:29","modified_gmt":"2026-03-11T14:12:29","slug":"iii-encuentro-internacional-de-pastoral-urbana","status":"publish","type":"post","link":"https:\/\/ceas.org.pe\/index.php\/2013\/10\/03\/iii-encuentro-internacional-de-pastoral-urbana\/","title":{"rendered":"III Encuentro Internacional de Pastoral Urbana"},"content":{"rendered":"<p>\u00a0 Una iniciativa conjunta del Instituto Superior de Catequ\u00e9tica (ISCA), de la Universidad del Valle de Atemajac (UNIVA) \u2013 Guadalajara, y del Espacio de Pastoral Urbana (EPU) \u2013\u00a0 Ciudad de M\u00e9xico, el III Encuentro Internacional reuni\u00f3 m\u00e1s de 350 participantes oriundos de M\u00e9xico y de diferentes pa\u00edses (Argentina, Alemania, Brasil, Colombia).<\/p>\n<p>La apertura del encuentro fue realizado por el Arzobispo de Guadalajara, Cardenal Francisco Robles, quien dirigi\u00f3 la conferencia La Nueva Evangelizaci\u00f3n: el gran proyecto pastoral de la Iglesia. Los dem\u00e1s ponentes que ayudaran con sus aportes en la reflexi\u00f3n fueran: P. Jorge Eduardo Scheinig, Buenos Aires, Argentina (Acercarnos a la Ciudad con una mirada de creyente y de Pastor); Obispo Leopoldo Gonz\u00e1lez Gonz\u00e1lez Vicario de Pastoral de la Arquidi\u00f3cesis de Guadalajara (Iluminar desde la Nueva Evangelizaci\u00f3n las realidades urbanas); P. Lic. Jaime Alberto Mancera, Santa Fe de Bogot\u00e1, Colombia (La Nueva Evangelizaci\u00f3n y sus implicaciones en la planeaci\u00f3n pastoral); Pbro. Dr. Benjam\u00edn Bravo, Distrito Federal, M\u00e9xico (Dios habita en la Ciudad).<\/p>\n<p>Las conferencias est\u00e1n disponible en: http:\/\/isca.mx\/urbana\/encuentro-pastoral-urbana\/.<\/p>\n<p>Siguiendo una metodolog\u00eda de participaci\u00f3n y construcci\u00f3n de las tem\u00e1ticas, en diferentes talleres se realizaron estudios, an\u00e1lisis y propuestas para dar efectividad a la evangelizaci\u00f3n en la realidad urbana. Considerando la Nueva Evangelizaci\u00f3n como respuesta pastoral a la realidad urbana, la reflexi\u00f3n trat\u00f3 de dinamizar una nueva actitud frente a los retos de la cultura urbana: del pasivo esperar al activo acudir.<\/p>\n<p>Padre Vitor Mendes acompa\u00f1\u00f3 todas las actividades del III Encuentro de Pastoral Urbana. El Secretario Ejecutivo del Departamento de Cultura y Educaci\u00f3n \u2013 CELAM resalt\u00f3 que, en diferentes perspectivas, se ha avanzado mucho en la comprensi\u00f3n de este campo de evangelizaci\u00f3n en Am\u00e9rica Latina y El Caribe. <\/p>\n<p>A la vez destac\u00f3 la originalidad de la programaci\u00f3n desarrollada en el Encuentro Internacional, una din\u00e1mica que adem\u00e1s de proporcionar una experiencia de inserci\u00f3n de los participantes en las diferentes realidades de la ciudad de Guadalajara,\u00a0 favoreci\u00f3 la participaci\u00f3n efectiva y aportes muy concretos por parte de agentes de la pastoral urbana, en gran parte, animadores de comunidades.\u00a0 <strong>(Fuente: www.celam.org)<br \/>\n\u00a0<br \/>\nP. Vitor Hugo Mendes<\/strong><br \/>\n\u00a0<\/p>\n<p><a href=\"http:\/\/web.hilo.org.pe\/wp-content\/uploads\/encuentro_pastoral_urbana.jpg\" target=\"_blank\" rel=\"noopener\">Ver archivo adjunto<\/a><\/p>\n","protected":false},"excerpt":{"rendered":"<p>Con el objetivo de propiciar el compartir de vivencias pastorales pr?cticas, generadoras de procesos evangelizadores, inspiradas desde la creaci?n de Iglesias de Casa de distintos tipos, que nos ayuden a transitar de una pastoral de conservaci?n a una pastoral misionera, en las realidades urbanas, como expresi?n de la Nueva Evangelizaci?n, se realiz? en Guadalajara ? M?xico, el III Encuentro internacional de Pastoral Urbana.<\/p>\n","protected":false},"author":1,"featured_media":7862,"comment_status":"closed","ping_status":"closed","sticky":false,"template":"","format":"standard","meta":{"footnotes":""},"categories":[9],"tags":[],"class_list":["post-1449","post","type-post","status-publish","format-standard","has-post-thumbnail","hentry","category-noticias"],"_links":{"self":[{"href":"https:\/\/ceas.org.pe\/index.php\/wp-json\/wp\/v2\/posts\/1449","targetHints":{"allow":["GET"]}}],"collection":[{"href":"https:\/\/ceas.org.pe\/index.php\/wp-json\/wp\/v2\/posts"}],"about":[{"href":"https:\/\/ceas.org.pe\/index.php\/wp-json\/wp\/v2\/types\/post"}],"author":[{"embeddable":true,"href":"https:\/\/ceas.org.pe\/index.php\/wp-json\/wp\/v2\/users\/1"}],"replies":[{"embeddable":true,"href":"https:\/\/ceas.org.pe\/index.php\/wp-json\/wp\/v2\/comments?post=1449"}],"version-history":[{"count":1,"href":"https:\/\/ceas.org.pe\/index.php\/wp-json\/wp\/v2\/posts\/1449\/revisions"}],"predecessor-version":[{"id":7769,"href":"https:\/\/ceas.org.pe\/index.php\/wp-json\/wp\/v2\/posts\/1449\/revisions\/7769"}],"wp:featuredmedia":[{"embeddable":true,"href":"https:\/\/ceas.org.pe\/index.php\/wp-json\/wp\/v2\/media\/7862"}],"wp:attachment":[{"href":"https:\/\/ceas.org.pe\/index.php\/wp-json\/wp\/v2\/media?parent=1449"}],"wp:term":[{"taxonomy":"category","embeddable":true,"href":"https:\/\/ceas.org.pe\/index.php\/wp-json\/wp\/v2\/categories?post=1449"},{"taxonomy":"post_tag","embeddable":true,"href":"https:\/\/ceas.org.pe\/index.php\/wp-json\/wp\/v2\/tags?post=1449"}],"curies":[{"name":"wp","href":"https:\/\/api.w.org\/{rel}","templated":true}]}}