{"id":1443,"date":"2013-10-01T09:41:01","date_gmt":"2013-10-01T09:41:01","guid":{"rendered":""},"modified":"2026-03-11T09:12:29","modified_gmt":"2026-03-11T14:12:29","slug":"papa-francisco-conforma-un-consejo-de-cardenales","status":"publish","type":"post","link":"https:\/\/ceas.org.pe\/index.php\/2013\/10\/01\/papa-francisco-conforma-un-consejo-de-cardenales\/","title":{"rendered":"Papa Francisco conforma un Consejo de Cardenales"},"content":{"rendered":"<p>\nSeg\u00fan explica, \u201cla conveniencia de instituir un restringido grupo de miembros del Episcopado, procedentes de las diversas partes del mundo, que el Santo Padre pudiera consultar, singularmente o de forma colectiva, sobre cuestiones particulares\u201d fue una de las sugerencias de las Congregaciones Generales de cardenales que precedieron el C\u00f3nclave.<\/p>\n<p>El Pont\u00edfice expresa que \u201cuna vez elegido a la Sede romana, he tenido la ocasi\u00f3n de reflexionar varias veces sobre este argumento, pensando que tal iniciativa representar\u00eda una notable ayuda para cumplir el ministerio pastoral de Sucesor de Pedro que los hermanos cardenales me confiaron. Por esa raz\u00f3n, el pasado 13 de abril, anunci\u00e9 la constituci\u00f3n del mencionado grupo, indicando, al mismo tiempo, los nombres de los que hab\u00edan sido llamados a formar parte. Ahora, tras una madura reflexi\u00f3n, creo oportuno que dicho grupo, mediante el presente Quir\u00f3grafo sea instituido como un\u00a0 Consejo de Cardenales , con la tarea de ayudarme en el gobierno de la Iglesia universal y de estudiar un proyecto de revisi\u00f3n de la Constituci\u00f3n Apost\u00f3lica Pastor bonus sobre la Curia Romana\u201d.<\/p>\n<p>En el quir\u00f3grafo, fechado el 28 de septiembre del a\u00f1o 2013, primer a\u00f1o del pontificado de Francisco, el papa ratific\u00f3 que este: Consejo estar\u00e1 formado por las personas indicadas anteriormente, las cuales podr\u00e1n ser interpeladas, sea como Consejo que singularmente, sobre las cuestiones que considere, de vez en vez, dignas de atenci\u00f3n. Dicho Consejo, que respecto al n\u00famero de miembros, me reservo de configurar de la forma m\u00e1s adecuada, ser\u00e1 una expresi\u00f3n m\u00e1s de la comuni\u00f3n episcopal y del auxilio al munus petrinum que el Episcopado esparcido por el mundo puede ofrecer.<\/p>\n<p>Los cardenales que fueron elegidos por el papa Francisco para integrar este Consejo de Cardenales son: Giuseppe Bertello, Presidente de la Gobernaci\u00f3n del Estado de la Ciudad del Vaticano, Francisco Javier Err\u00e1zuriz Ossa, arzobispo em\u00e9rito de Santiago de Chile (Chile), Oswald Gracias, arzobispo de Bombay (India), Reinhard Marx, arzobispo de M\u00fcnchen und Freising (Alemania), Laurent Monsengwo Pasinya, arzobispo de Kinshasa (Rep\u00fablica Democr\u00e1tica del Congo).<\/p>\n<p>Tambi\u00e9n, Sean Patrick O Malley, O.F.M. Cap., arzobispo de Boston (EE.UU) George Pell, arzobispo de Sydney (Australia). Oscar Andr\u00e9s Rodr\u00edguez Maradiaga, S.D.B., arzobispo de Tegucigalpa (Honduras), con funciones di coordinador y el obispo Marcello Semeraro de Albano (Italia) con funciones de secretario. <strong>(EVARED)<\/strong><br \/>\n\u00a0<\/p>\n<p><a href=\"http:\/\/web.hilo.org.pe\/wp-content\/uploads\/consejo_de_cardenales-CURIA_PAPAL.jpg\" target=\"_blank\" rel=\"noopener\">Ver archivo adjunto<\/a><\/p>\n","protected":false},"excerpt":{"rendered":"<p>(Ciudad del Vaticano).El papa Francisco instituy? oficialmente un Consejo de Cardenales que tiene el encargo de ayudarle en el gobierno de la Iglesia universal y para estudiar un proyecto de revisi?n de la Constituci?n Apost?lica Pastor bonus sobre la Curia Romana.<\/p>\n","protected":false},"author":1,"featured_media":7855,"comment_status":"closed","ping_status":"closed","sticky":false,"template":"","format":"standard","meta":{"footnotes":""},"categories":[9],"tags":[],"class_list":["post-1443","post","type-post","status-publish","format-standard","has-post-thumbnail","hentry","category-noticias"],"_links":{"self":[{"href":"https:\/\/ceas.org.pe\/index.php\/wp-json\/wp\/v2\/posts\/1443","targetHints":{"allow":["GET"]}}],"collection":[{"href":"https:\/\/ceas.org.pe\/index.php\/wp-json\/wp\/v2\/posts"}],"about":[{"href":"https:\/\/ceas.org.pe\/index.php\/wp-json\/wp\/v2\/types\/post"}],"author":[{"embeddable":true,"href":"https:\/\/ceas.org.pe\/index.php\/wp-json\/wp\/v2\/users\/1"}],"replies":[{"embeddable":true,"href":"https:\/\/ceas.org.pe\/index.php\/wp-json\/wp\/v2\/comments?post=1443"}],"version-history":[{"count":1,"href":"https:\/\/ceas.org.pe\/index.php\/wp-json\/wp\/v2\/posts\/1443\/revisions"}],"predecessor-version":[{"id":7775,"href":"https:\/\/ceas.org.pe\/index.php\/wp-json\/wp\/v2\/posts\/1443\/revisions\/7775"}],"wp:featuredmedia":[{"embeddable":true,"href":"https:\/\/ceas.org.pe\/index.php\/wp-json\/wp\/v2\/media\/7855"}],"wp:attachment":[{"href":"https:\/\/ceas.org.pe\/index.php\/wp-json\/wp\/v2\/media?parent=1443"}],"wp:term":[{"taxonomy":"category","embeddable":true,"href":"https:\/\/ceas.org.pe\/index.php\/wp-json\/wp\/v2\/categories?post=1443"},{"taxonomy":"post_tag","embeddable":true,"href":"https:\/\/ceas.org.pe\/index.php\/wp-json\/wp\/v2\/tags?post=1443"}],"curies":[{"name":"wp","href":"https:\/\/api.w.org\/{rel}","templated":true}]}}