{"id":1442,"date":"2013-10-01T09:31:21","date_gmt":"2013-10-01T09:31:21","guid":{"rendered":""},"modified":"2026-03-11T09:12:29","modified_gmt":"2026-03-11T14:12:29","slug":"arzobispo-peruano-se-reone-con-obispos-de-canado-para-tratar-tema-del-cuidado-del-ambiente","status":"publish","type":"post","link":"https:\/\/ceas.org.pe\/index.php\/2013\/10\/01\/arzobispo-peruano-se-reone-con-obispos-de-canado-para-tratar-tema-del-cuidado-del-ambiente\/","title":{"rendered":"Arzobispo peruano se re\u00f3ne con obispos de Canad\u00f3 para tratar tema del cuidado del ambiente"},"content":{"rendered":"<p>\u00a0<\/p>\n<div style=\"text-align: justify; margin: 0cm 0cm 10pt\"><span style=\"color: black\">Esta semana, el Arzobispo de Huancayo, Monse\u00f1or Pedro Ricardo Barreto Jimeno, SJ., viaj\u00f3 a Canad\u00e1 para cumplir con una serie de actividades relacionados a temas de medio ambiente, invitado por la Conferencia Episcopal de ese pa\u00eds.<\/span><\/div>\n<div style=\"text-align: justify; margin: 0cm 0cm 10pt\"><span style=\"color: black\">Durante su itinerario por el pa\u00eds norteamericano, el Arzobispo peruano visitar\u00e1 la sede de la Conferencia Episcopal Canadiense. All\u00ed, junto a otros prelados dialogar\u00e1n sobre las problem\u00e1ticas de la explotaci\u00f3n minera y el trabajo que la Iglesia est\u00e1 desarrollando al respeto.<br \/>\nEste encuentro es importante por el enfoque sobre dos temas importantes: que la explotaci\u00f3n minera no siempre significa desarrollo para las comunidades m\u00e1s pobres de los pa\u00edses, y segundo, que frente a los problemas que esas pueden causar, las comunidades deben tener un acceso a la justicia.<\/span><\/div>\n<div style=\"text-align: justify; margin: 0cm 0cm 10pt\"><span style=\"color: black\">Asimismo, en su encuentro con los Obispos de Canad\u00e1, Monse\u00f1or Barreto tambi\u00e9n hablar\u00e1 sobre el cuidado de la creaci\u00f3n, en enlace con la explotaci\u00f3n de los recursos naturales y culminar\u00e1 su periplo con una Santa Misa concelebrada en la Catedral de Montreal.<\/span><\/div>\n<div style=\"text-align: justify; margin: 0cm 0cm 10pt\"><i><span style=\"line-height: 115%; color: black; font-size: 9pt\">Tomado del Informativo N\u00ba 772 elaborado por la Oficina de Prensa de la Conferencia Episcopal Peruana<\/span><\/i><\/div>\n<p><a href=\"http:\/\/web.hilo.org.pe\/wp-content\/uploads\/mons-barreto.jpg\" target=\"_blank\" rel=\"noopener\">Ver archivo adjunto<\/a><\/p>\n","protected":false},"excerpt":{"rendered":"<p>Esta semana, el Arzobispo de Huancayo, Monse?or Pedro Ricardo Barreto Jimeno, SJ., viaj? a Canad? para cumplir con una serie de actividades relacionados a temas de medio ambiente, invitado por la Conferencia Episcopal de ese pa?s.<\/p>\n","protected":false},"author":1,"featured_media":7854,"comment_status":"closed","ping_status":"closed","sticky":false,"template":"","format":"standard","meta":{"footnotes":""},"categories":[9],"tags":[],"class_list":["post-1442","post","type-post","status-publish","format-standard","has-post-thumbnail","hentry","category-noticias"],"_links":{"self":[{"href":"https:\/\/ceas.org.pe\/index.php\/wp-json\/wp\/v2\/posts\/1442","targetHints":{"allow":["GET"]}}],"collection":[{"href":"https:\/\/ceas.org.pe\/index.php\/wp-json\/wp\/v2\/posts"}],"about":[{"href":"https:\/\/ceas.org.pe\/index.php\/wp-json\/wp\/v2\/types\/post"}],"author":[{"embeddable":true,"href":"https:\/\/ceas.org.pe\/index.php\/wp-json\/wp\/v2\/users\/1"}],"replies":[{"embeddable":true,"href":"https:\/\/ceas.org.pe\/index.php\/wp-json\/wp\/v2\/comments?post=1442"}],"version-history":[{"count":1,"href":"https:\/\/ceas.org.pe\/index.php\/wp-json\/wp\/v2\/posts\/1442\/revisions"}],"predecessor-version":[{"id":7776,"href":"https:\/\/ceas.org.pe\/index.php\/wp-json\/wp\/v2\/posts\/1442\/revisions\/7776"}],"wp:featuredmedia":[{"embeddable":true,"href":"https:\/\/ceas.org.pe\/index.php\/wp-json\/wp\/v2\/media\/7854"}],"wp:attachment":[{"href":"https:\/\/ceas.org.pe\/index.php\/wp-json\/wp\/v2\/media?parent=1442"}],"wp:term":[{"taxonomy":"category","embeddable":true,"href":"https:\/\/ceas.org.pe\/index.php\/wp-json\/wp\/v2\/categories?post=1442"},{"taxonomy":"post_tag","embeddable":true,"href":"https:\/\/ceas.org.pe\/index.php\/wp-json\/wp\/v2\/tags?post=1442"}],"curies":[{"name":"wp","href":"https:\/\/api.w.org\/{rel}","templated":true}]}}