{"id":1429,"date":"2013-09-23T09:31:12","date_gmt":"2013-09-23T09:31:12","guid":{"rendered":""},"modified":"2026-03-11T09:12:30","modified_gmt":"2026-03-11T14:12:30","slug":"utilizar-a-los-pobres-por-intereses-propios-es-pecado-grave","status":"publish","type":"post","link":"https:\/\/ceas.org.pe\/index.php\/2013\/09\/23\/utilizar-a-los-pobres-por-intereses-propios-es-pecado-grave\/","title":{"rendered":"\u00abUtilizar a los pobres por intereses propios es pecado grave\u00bb"},"content":{"rendered":"<p>El arzobispo de Cagliari, Arrigo Miglio, record\u00f3 que estaban presentes los voluntarios de la C\u00e1ritas, un grupo de presos.\u00a0 Al final de sus palabras el papa salud\u00f3 a diversas personas, pobres, detenidos, encarcelados menores, ex prostitutas y tambi\u00e9n enfermos y personas varias.<br \/>\nEl papa inici\u00f3 agradeciendo a los presentes de estar all\u00ed, y en su \u201cyo me siento aqu\u00ed como en mi casa\u201d estallaron los aplausos. \u201cPorque como se dice en Am\u00e9rica Latina esta casa es mi casa\u201d dijo.<br \/>\nEl papa subray\u00f3, en algunas palabras fuera del discurso que hab\u00eda preparado: \u201cAqu\u00ed sentimos de manera fuerte y concreta que somos todos hermanos. Aqu\u00ed el \u00fanico Padre es el Padre Celeste, y el \u00fanico maestro es Jesucristo\u201d. Y volviendo al mensaje escrito record\u00f3: \u201cLa primera cosa que quiero compartir es esta alegr\u00eda de tener a Jes\u00fas como Maestro\u201d.<br \/>\nY les aconsej\u00f3: \u201cMiremos hacia \u00c9l, esto nos da tanta fuerza, tanta consolaci\u00f3n en nuestras fragilidades, en nuestras miserias y dificultades\u201d. Porque \u201ctodos los que estamos aqu\u00ed somos iguales delante del Padre\u201d, y se\u00f1al\u00f3 que \u201cJes\u00fas decidi\u00f3 de hacerse hombre y como hombre hacerse siervo, hasta la morir en la cruz\u201d. El papa precis\u00f3 que esta es la v\u00eda del amor, y se\u00f1al\u00f3 que \u201cla caridad no es asistencialismo\u201d porque advirti\u00f3 que eso \u201ces hacer negocios\u201d.<br \/>\nSobre la palabra solidaridad en esta cultura de lo descartable consider\u00f3 \u201cque corre el riesgo de ser borrada del vocabulario, porque da fastidio y en cambio nosotros decimos que este es el camino\u201d. Y record\u00f3 que la humildad de Jes\u00fas fue real, porque eligi\u00f3 de estar con los peque\u00f1os, con los excluidos, con nosotros. Pero volvi\u00f3 a advertir: \u201cAtenci\u00f3n, no es una ideolog\u00eda\u201d.<br \/>\nUn segundo aspecto que quiso subrayar el santo padre es que \u201cJes\u00fas no vino al mundo para hacer un desfile, para hacerse ver\u201d y por eso agradeci\u00f3 a Dios por el empe\u00f1o de aquellos que quieren seguirlo, en particular los voluntarios a quienes inst\u00f3 a \u201c realizar obras de misericordia con misericordia, las de caridad con caridad, con ternura y siempre con humildad.<br \/>\n\u201c\u00bfSaben?, a veces se encuentra arrogancia en el servir a los pobres\u201d dijo, y \u201cestoy seguro que ustedes lo han visto, la arrogancia de quienes saben que necesitamos de su servicio\u201d. Y se\u00f1alo que \u201calgunos instrumentalizan a los pobres por intereses personales o del propio grupo. S\u00e9 que esto es humano \u00a1pero no est\u00e1 bien! Y digo m\u00e1s: esto es pecado, pecado grave, porque es usar a los que son carne de Jes\u00fas para su vanidad propia\u201d, y concluy\u00f3 el santo padre: \u201cSer\u00eda mejor si estas personas se quedaran en su casa\u201d.<br \/>\n\u201cSiguiendo a Cristo en la v\u00eda de la caridad sembramos la esperanza\u201d dijo. Record\u00f3 que la sociedad italiana y en general, necesita esperanza, \u201cy algunos miembros de ella deben empe\u00f1arse en el sector pol\u00edtico que es una forma alta de caridad\u201d. Matiz\u00f3 que como Iglesia existe una responsabilidad de colaborar con las instituciones p\u00fablicas respetando las propias competencias.<br \/>\nY repiti\u00f3 \u201cNo se dejen robar la esperanza y vayan adelante\u201d. Concluy\u00f3 bendiciendo \u201ca todos ustedes junto a vuestras familias\u201d. Al despedirse pidi\u00f3: \u201crecen por m\u00ed que tengo mucha necesidad de oraciones\u201d.<br \/>\nA la salida de la catedral hubo un evento fuera de programa, del santo padre encontr\u00f3 a un grupo de unas cien religiosas de clausura, de diversas congregaciones. \u201cEl se\u00f1or nos ha llamado &#8211;les dijo&#8211; para sostener a la Iglesia, ante todo con las oraciones. Recen por m\u00ed\u201d. (Zenit.org) <br \/>\n\u00a0<\/p>\n<p><a href=\"http:\/\/web.hilo.org.pe\/wp-content\/uploads\/papa-francisco-cerdena.JPG\" target=\"_blank\" rel=\"noopener\">Ver archivo adjunto<\/a><\/p>\n","protected":false},"excerpt":{"rendered":"<p>Despu?s de haber saludado y besado a algunos ni?os, entr? en la catedral. Y mientras el coro creaba una atm?sfera recogida, el papa se sent? adelante, al pi? del altar.<\/p>\n","protected":false},"author":1,"featured_media":0,"comment_status":"closed","ping_status":"closed","sticky":false,"template":"","format":"standard","meta":{"footnotes":""},"categories":[9],"tags":[],"class_list":["post-1429","post","type-post","status-publish","format-standard","hentry","category-noticias"],"_links":{"self":[{"href":"https:\/\/ceas.org.pe\/index.php\/wp-json\/wp\/v2\/posts\/1429","targetHints":{"allow":["GET"]}}],"collection":[{"href":"https:\/\/ceas.org.pe\/index.php\/wp-json\/wp\/v2\/posts"}],"about":[{"href":"https:\/\/ceas.org.pe\/index.php\/wp-json\/wp\/v2\/types\/post"}],"author":[{"embeddable":true,"href":"https:\/\/ceas.org.pe\/index.php\/wp-json\/wp\/v2\/users\/1"}],"replies":[{"embeddable":true,"href":"https:\/\/ceas.org.pe\/index.php\/wp-json\/wp\/v2\/comments?post=1429"}],"version-history":[{"count":1,"href":"https:\/\/ceas.org.pe\/index.php\/wp-json\/wp\/v2\/posts\/1429\/revisions"}],"predecessor-version":[{"id":7791,"href":"https:\/\/ceas.org.pe\/index.php\/wp-json\/wp\/v2\/posts\/1429\/revisions\/7791"}],"wp:attachment":[{"href":"https:\/\/ceas.org.pe\/index.php\/wp-json\/wp\/v2\/media?parent=1429"}],"wp:term":[{"taxonomy":"category","embeddable":true,"href":"https:\/\/ceas.org.pe\/index.php\/wp-json\/wp\/v2\/categories?post=1429"},{"taxonomy":"post_tag","embeddable":true,"href":"https:\/\/ceas.org.pe\/index.php\/wp-json\/wp\/v2\/tags?post=1429"}],"curies":[{"name":"wp","href":"https:\/\/api.w.org\/{rel}","templated":true}]}}