{"id":1414,"date":"2013-09-12T16:27:29","date_gmt":"2013-09-12T16:27:29","guid":{"rendered":""},"modified":"2026-03-11T09:12:30","modified_gmt":"2026-03-11T14:12:30","slug":"coritas-del-pero-ante-la-baja-temperatura-crece-la-solidaridad","status":"publish","type":"post","link":"https:\/\/ceas.org.pe\/index.php\/2013\/09\/12\/coritas-del-pero-ante-la-baja-temperatura-crece-la-solidaridad\/","title":{"rendered":"C\u00f3ritas del Per\u00f3: Ante la baja temperatura crece la solidaridad"},"content":{"rendered":"<p><b><span style=\"line-height: 150%; color: black; font-size: 10pt\">Jorge Lafosse explica la iniciativa \u201cT\u00fa puedes hacer que sus sonrisas no se congelen\u201d, ante la ola de fr\u00edo que caus\u00f3 la muerte al menos 25 ni\u00f1os<\/span><\/b><\/p>\n<div style=\"line-height: 150%\"><i><span style=\"line-height: 150%; color: black; font-size: 10pt\">Por Jos\u00e9 Antonio Varela Vidal<\/span><\/i><\/div>\n<div style=\"line-height: 150%\">\u00a0<\/div>\n<div style=\"line-height: 150%\"><span style=\"line-height: 150%; color: black; font-size: 10pt\">LIMA, 12 de septiembre de 2013 (<a href=\"http:\/\/www.zenit.org\/?utm_campaign=diariohtml&#038;utm_medium=email&#038;utm_source=dispatch\"><span style=\"color: #0000ee\">Zenit.org<\/span><\/a>) &#8211; La ola de fr\u00edo que est\u00e1 azotando la zona andina del Per\u00fa, con temperaturas que registraron picos de hasta 16 grados bajo cero ha causado hasta el momento el tr\u00e1gico saldo de 25 ni\u00f1os peque\u00f1os muertos, de acuerdo con las estad\u00edsticas oficiales del departamento sure\u00f1o de Puno. Las r\u00edgidas temperaturas que iniciaron en junio se calcula que durar\u00e1n hasta octubre del presente a\u00f1o.<\/span><\/div>\n<div style=\"line-height: 150%\">\u00a0<\/div>\n<div style=\"line-height: 150%\"><span style=\"line-height: 150%; color: black; font-size: 10pt\">Entre los casos que conmocionaron al pa\u00eds figura el de unos pobladores que desaparecieron bajo una tormenta de nieve, sorprendidos mientras buscaban a una cr\u00eda alejada del redil&#8230;<\/span><\/div>\n<div style=\"line-height: 150%\">\u00a0<\/div>\n<div style=\"line-height: 150%\"><span style=\"line-height: 150%; color: black; font-size: 10pt\">A esto hay que sumarle las cerca de tres mil viviendas entre destruidas e inhabitables en la zona, as\u00ed como las decenas de miles de hect\u00e1reas de cosechas perdidas, que afectar\u00e1n la ya limitada prosperidad de estos humildes agricultores. Se registr\u00f3 adem\u00e1s la muerte de unos veinte mil animales que no soportaron el fr\u00edo en los precarios refugios.<\/span><\/div>\n<div style=\"line-height: 150%\">\u00a0<\/div>\n<div style=\"line-height: 150%\"><span style=\"line-height: 150%; color: black; font-size: 10pt\">\u201cSi bien Am\u00e9rica Latina es conocida por sus tradiciones y comida, sus maravillas naturales, la buena m\u00fasica y la alegr\u00eda de su gente, no siempre se tiene en cuenta que hay culturas, con sus lenguas, bailes y tradiciones, en peligro de extinci\u00f3n tambi\u00e9n por factores ambientales\u201d, le indic\u00f3 a ZENIT un periodista conocedor de la zona.<\/span><\/div>\n<div style=\"line-height: 150%\">\u00a0<\/div>\n<div style=\"line-height: 150%\"><span style=\"line-height: 150%; color: black; font-size: 10pt\">\u201cBasta imaginarse &#8211;precis\u00f3&#8211; un paisaje altoandino t\u00edpico del Per\u00fa a 3.900 metros sobre el nivel del mar\u2026 Aunque bello a la vista, es \u00e1rido y g\u00e9lido. Cuando uno visita esas poblaciones, sus habitantes aymaras no te hacen entrar a sus casas porque son m\u00e1s fr\u00edas que si uno permanece afuera bajo el sol\u201d.<\/span><\/div>\n<div style=\"line-height: 150%\">\u00a0<\/div>\n<div style=\"line-height: 150%\"><span style=\"line-height: 150%; color: black; font-size: 10pt\">\u201cMejor sentarse en una banca all\u00ed mismo con ellos, y tomar una sopa serrana hirviendo que te ofrecen, junto a un buen jarro de leche de oveja, de las que sobrevivieron a la helada\u201d dijo.<\/span><\/div>\n<div style=\"line-height: 150%\">\u00a0<\/div>\n<div style=\"line-height: 150%\"><span style=\"line-height: 150%; color: black; font-size: 10pt\">Ante esta emergencia la C\u00e1ritas del Per\u00fa lanz\u00f3 d\u00edas atr\u00e1s la campa\u00f1a: \u201cC\u00e1ritas ante el fr\u00edo: \u201cT\u00fa puedes hacer que sus sonrisas no se congelen\u201d. Esta oportuna iniciativa recauda fondos para implementar proyectos de asistencia y reducci\u00f3n de riesgos ante esta emergencia.<\/span><\/div>\n<div style=\"line-height: 150%\">\u00a0<\/div>\n<div style=\"line-height: 150%\"><span style=\"line-height: 150%; color: black; font-size: 10pt\">De este modo, se podr\u00e1 seguir ayudando a cientos de familias para que tengan viviendas con una cocina mejorada, cubran las grietas de las paredes, refuercen techos y pongan pisos de madera. <\/span><\/div>\n<div style=\"line-height: 150%\">\u00a0<\/div>\n<div style=\"line-height: 150%\"><span style=\"line-height: 150%; color: black; font-size: 10pt\">A esto hay que sumarle una mejor iluminaci\u00f3n interior y calefactores solares que los ayuden a protegerse del fr\u00edo ahora y en el futuro. Todo a un costo m\u00e1ximo de mil doscientos d\u00f3lares por vivienda&#8230; \u00bfC\u00f3mo no ayudar?<\/span><\/div>\n<div style=\"line-height: 150%\">\u00a0<\/div>\n<div style=\"line-height: 150%\"><span style=\"line-height: 150%; color: black; font-size: 10pt\">Para conocer m\u00e1s de las acciones ya emprendidas, ZENIT dialog\u00f3 con el ingeniero Jorge Lafosse, secretario general de C\u00e1ritas del Per\u00fa, quien explic\u00f3 las acciones realizadas y el modo en que los lectores podr\u00edan sumarse a la Campa\u00f1a.<\/span><\/div>\n<div style=\"line-height: 150%\"><b>\u00a0<\/b><\/div>\n<div style=\"line-height: 150%\"><b><span style=\"line-height: 150%; color: black; font-size: 10pt\">\u00bfPor qu\u00e9 las temperaturas est\u00e1n bajando tanto cada a\u00f1o?<\/span><\/b><\/div>\n<div style=\"line-height: 150%\"><span style=\"line-height: 150%; color: black; font-size: 10pt\">&#8212; Ing Lafosse: Este fen\u00f3meno tiene que ver con el Cambio clim\u00e1tico y el calentamiento global que est\u00e1 afectando a nuestro planeta. Sus manifestaciones son cada vez m\u00e1s frecuentes y notorias: olas de fr\u00edo, sequ\u00edas, inundaciones, lluvias torrenciales. Estos cambios en el clima afectan severamente a las poblaciones m\u00e1s pobres y vulnerables, y como sociedad no estamos tomando las medidas que nos permitan aminorar los impactos de la naturaleza.<\/span><\/div>\n<div style=\"line-height: 150%\"><b>\u00a0<\/b><\/div>\n<div style=\"line-height: 150%\"><b><span style=\"line-height: 150%; color: black; font-size: 10pt\">\u00bfSe puede hacer m\u00e1s prevenci\u00f3n?<\/span><\/b><\/div>\n<div style=\"line-height: 150%\"><span style=\"line-height: 150%; color: black; font-size: 10pt\">&#8212; Ing. Lafosse: Estamos trabajando con la comunidad y autoridades locales de forma que tomen conciencia de la vulnerabilidad de sus territorios y la necesidad de relacionar el desarrollo local con una adecuada gesti\u00f3n de riesgos y prevenci\u00f3n. Para el caso espec\u00edfico de la ola de fr\u00edo que est\u00e1 afectando a las comunidades altoandinas, estamos rehabilitando sus viviendas para lograr hermeticidad e instalando unos paneles solares (\u00abmuros trombe\u201d tipo fitotoldo) que permita elevar la temperatura de las viviendas mediante la captaci\u00f3n de los rayos solares y el calentamiento del aire.<\/span><\/div>\n<div style=\"line-height: 150%\"><b>\u00a0<\/b><\/div>\n<div style=\"line-height: 150%\"><b><span style=\"line-height: 150%; color: black; font-size: 10pt\">Algo muy simple pero que ayuda a prevenir, \u00bfno?<\/span><\/b><\/div>\n<div style=\"line-height: 150%\"><span style=\"line-height: 150%; color: black; font-size: 10pt\">&#8212; Ing. Lafosse: Es una tecnolog\u00eda simple y econ\u00f3mica pero que ha demostrado ser muy efectiva en estos casos. Es necesario tambi\u00e9n trabajar con las autoridades para la construcci\u00f3n de cobertizos que protejan a los animales y garantizar as\u00ed su alimentaci\u00f3n en \u00e9pocas de heladas.<\/span><\/div>\n<div style=\"line-height: 150%\"><b>\u00a0<\/b><\/div>\n<div style=\"line-height: 150%\"><b><span style=\"line-height: 150%; color: black; font-size: 10pt\">\u00bfC\u00f3mo participa la poblaci\u00f3n?<\/span><\/b><\/div>\n<div style=\"line-height: 150%\"><span style=\"line-height: 150%; color: black; font-size: 10pt\">&#8211; Ing. Lafosse: Durante el desarrollo del proyecto es muy importante la participaci\u00f3n activa de todos a fin de lograr involucrarlos en el proyecto, as\u00ed como su compromiso de mantener los resultados que se obtengan. Buscamos generar ciudadan\u00eda y responsabilidad mediante la participaci\u00f3n de la comunidad.<\/span><\/div>\n<div style=\"line-height: 150%\"><b>\u00a0<\/b><\/div>\n<div style=\"line-height: 150%\"><b><span style=\"line-height: 150%; color: black; font-size: 10pt\">\u00bfDe qu\u00e9 forma podr\u00edan ayudar a la Campa\u00f1a los lectores del pa\u00eds y del extranjero?<\/span><\/b><\/div>\n<div style=\"line-height: 150%\"><span style=\"line-height: 150%; color: black; font-size: 10pt\">&#8211; Ing. Lafosse: Los invitamos a visitar nuestra p\u00e1gina web para conocer en detalle la forma en que se est\u00e1 implementando la Campa\u00f1a. Sus aportes econ\u00f3micos pueden realizarlos a trav\u00e9s del Banco de Cr\u00e9dito del Per\u00fa a nombre de C\u00c1RITAS DEL PER\u00da \u2013 EMERGENCIA NACIONAL en las cuentas D\u00f3lares # 193-2090497-1-39 o en la cuenta en Nuevos Soles # 193-2093474-0-00.<\/span><\/div>\n<div style=\"line-height: 150%\">\u00a0<\/div>\n<p><a href=\"http:\/\/web.hilo.org.pe\/wp-content\/uploads\/CARITAS ANTE EL FRIO.jpg\" target=\"_blank\" rel=\"noopener\">Ver archivo adjunto<\/a><\/p>\n","protected":false},"excerpt":{"rendered":"<p>La ola de fr?o que est? azotando la zona andina del Per?, con temperaturas que registraron picos de hasta 16 grados bajo cero ha causado hasta el momento el tr?gico saldo de 25 ni?os peque?os muertos, de acuerdo con las estad?sticas oficiales del departamento sure?o de Puno. Las r?gidas temperaturas que iniciaron en junio se calcula que durar?n hasta octubre del presente a?o.<\/p>\n","protected":false},"author":1,"featured_media":7913,"comment_status":"closed","ping_status":"closed","sticky":false,"template":"","format":"standard","meta":{"footnotes":""},"categories":[9],"tags":[],"class_list":["post-1414","post","type-post","status-publish","format-standard","has-post-thumbnail","hentry","category-noticias"],"_links":{"self":[{"href":"https:\/\/ceas.org.pe\/index.php\/wp-json\/wp\/v2\/posts\/1414","targetHints":{"allow":["GET"]}}],"collection":[{"href":"https:\/\/ceas.org.pe\/index.php\/wp-json\/wp\/v2\/posts"}],"about":[{"href":"https:\/\/ceas.org.pe\/index.php\/wp-json\/wp\/v2\/types\/post"}],"author":[{"embeddable":true,"href":"https:\/\/ceas.org.pe\/index.php\/wp-json\/wp\/v2\/users\/1"}],"replies":[{"embeddable":true,"href":"https:\/\/ceas.org.pe\/index.php\/wp-json\/wp\/v2\/comments?post=1414"}],"version-history":[{"count":1,"href":"https:\/\/ceas.org.pe\/index.php\/wp-json\/wp\/v2\/posts\/1414\/revisions"}],"predecessor-version":[{"id":7804,"href":"https:\/\/ceas.org.pe\/index.php\/wp-json\/wp\/v2\/posts\/1414\/revisions\/7804"}],"wp:featuredmedia":[{"embeddable":true,"href":"https:\/\/ceas.org.pe\/index.php\/wp-json\/wp\/v2\/media\/7913"}],"wp:attachment":[{"href":"https:\/\/ceas.org.pe\/index.php\/wp-json\/wp\/v2\/media?parent=1414"}],"wp:term":[{"taxonomy":"category","embeddable":true,"href":"https:\/\/ceas.org.pe\/index.php\/wp-json\/wp\/v2\/categories?post=1414"},{"taxonomy":"post_tag","embeddable":true,"href":"https:\/\/ceas.org.pe\/index.php\/wp-json\/wp\/v2\/tags?post=1414"}],"curies":[{"name":"wp","href":"https:\/\/api.w.org\/{rel}","templated":true}]}}