{"id":1413,"date":"2013-09-12T09:41:55","date_gmt":"2013-09-12T09:41:55","guid":{"rendered":""},"modified":"2026-03-11T09:12:30","modified_gmt":"2026-03-11T14:12:30","slug":"pequeoos-productores-agropecuarios-apoyados-por-coritas-participan-en-mistura-2013","status":"publish","type":"post","link":"https:\/\/ceas.org.pe\/index.php\/2013\/09\/12\/pequeoos-productores-agropecuarios-apoyados-por-coritas-participan-en-mistura-2013\/","title":{"rendered":"Peque\u00f3os productores agropecuarios apoyados por C\u00f3ritas participan en Mistura 2013"},"content":{"rendered":"<p>Los productores han sido seleccionados por la calidad de los productos que ofrecen, que son emblem\u00e1ticos para la gastronom\u00eda peruana y representativa de las zonas de donde provienen.<\/p>\n<p>El stand de C\u00e1ritas del Per\u00fa se ubica en el coraz\u00f3n de Mistura denominado El Gran Mercado en el stand N\u00b0149 donde se podr\u00e1 encontrar una amplia gama de derivados l\u00e1cteos de las asociaciones APROLACP, D\u2019Puyusca, Ticani Atuncolla y Galac Illpa, como la variedad de quesos fresco, maduro, andino, tipo suizo, queso tipo paria y gourmet, con finas hierbas y aromatizados, entre otros, elaborados en Puno, Pasco y Ayacucho.<\/p>\n<p>Esta Feria es una iniciativa apoyada por instituciones y organizaciones que trabajan por el desarrollo econ\u00f3mico productivo de los peque\u00f1os agricultores del interior del pa\u00eds, como C\u00e1ritas del Per\u00fa, con el objetivo de facilitarles la articulaci\u00f3n comercial que les permita obtener mejores ingresos y una mejor calidad de vida.<\/p>\n<p>La feria Gastron\u00f3mica Mistura 2013 se lleva cabo hasta el 15 de setiembre desde las 11 am frente a la playa Marbella, en la Costa Verde de Magdalena. <strong>(http:\/\/www.caritas.org.pe\/)<\/strong><\/p>\n<p>\u00a0<\/p>\n<p><a href=\"http:\/\/web.hilo.org.pe\/wp-content\/uploads\/agropecuarios-apoyados-por_Caritas.jpg\" target=\"_blank\" rel=\"noopener\">Ver archivo adjunto<\/a><\/p>\n","protected":false},"excerpt":{"rendered":"<p>Desde el 6 de setiembre, los peque?os productores agropecuarios de las zonas altoandinas de Puno, Pasco y Ayacucho, participantes de los proyectos que desarrolla C?ritas del Per?, est?n comercializando sus productos en la Feria Gastron?mica ?Mistura 2013? promovida por la Asociaci?n Peruana de Gastronom?a (Apega).<\/p>\n","protected":false},"author":1,"featured_media":7923,"comment_status":"closed","ping_status":"closed","sticky":false,"template":"","format":"standard","meta":{"footnotes":""},"categories":[9],"tags":[],"class_list":["post-1413","post","type-post","status-publish","format-standard","has-post-thumbnail","hentry","category-noticias"],"_links":{"self":[{"href":"https:\/\/ceas.org.pe\/index.php\/wp-json\/wp\/v2\/posts\/1413","targetHints":{"allow":["GET"]}}],"collection":[{"href":"https:\/\/ceas.org.pe\/index.php\/wp-json\/wp\/v2\/posts"}],"about":[{"href":"https:\/\/ceas.org.pe\/index.php\/wp-json\/wp\/v2\/types\/post"}],"author":[{"embeddable":true,"href":"https:\/\/ceas.org.pe\/index.php\/wp-json\/wp\/v2\/users\/1"}],"replies":[{"embeddable":true,"href":"https:\/\/ceas.org.pe\/index.php\/wp-json\/wp\/v2\/comments?post=1413"}],"version-history":[{"count":1,"href":"https:\/\/ceas.org.pe\/index.php\/wp-json\/wp\/v2\/posts\/1413\/revisions"}],"predecessor-version":[{"id":7805,"href":"https:\/\/ceas.org.pe\/index.php\/wp-json\/wp\/v2\/posts\/1413\/revisions\/7805"}],"wp:featuredmedia":[{"embeddable":true,"href":"https:\/\/ceas.org.pe\/index.php\/wp-json\/wp\/v2\/media\/7923"}],"wp:attachment":[{"href":"https:\/\/ceas.org.pe\/index.php\/wp-json\/wp\/v2\/media?parent=1413"}],"wp:term":[{"taxonomy":"category","embeddable":true,"href":"https:\/\/ceas.org.pe\/index.php\/wp-json\/wp\/v2\/categories?post=1413"},{"taxonomy":"post_tag","embeddable":true,"href":"https:\/\/ceas.org.pe\/index.php\/wp-json\/wp\/v2\/tags?post=1413"}],"curies":[{"name":"wp","href":"https:\/\/api.w.org\/{rel}","templated":true}]}}