{"id":1409,"date":"2013-09-11T11:21:47","date_gmt":"2013-09-11T11:21:47","guid":{"rendered":""},"modified":"2026-03-11T09:12:30","modified_gmt":"2026-03-11T14:12:30","slug":"foro-odelitos-de-corrupcion-e-inhabilitaciono","status":"publish","type":"post","link":"https:\/\/ceas.org.pe\/index.php\/2013\/09\/11\/foro-odelitos-de-corrupcion-e-inhabilitaciono\/","title":{"rendered":"Foro \u00f3Delitos de corrupci\u00f3n e inhabilitaci\u00f3n\u00f3"},"content":{"rendered":"<p><span style=\"line-height: 115%; color: #222222; font-size: 10.5pt\">El despacho del congresista Juan Pari Choquecota y el Grupo de Trabajo Contra la Corrupci\u00f3n (GTCC), conformado por 13 instituciones de la sociedad civil, \u00a0organizan el\u00a0jueves 19 de setiembre, el Foro \u201cDelitos de corrupci\u00f3n e inhabilitaci\u00f3n\u201d.<\/span><\/p>\n<div style=\"text-align: justify; line-height: 15pt; margin: 0cm 0cm 10pt\"><span style=\"color: #222222; font-size: 10.5pt\">El evento tiene por objetivo analizar las propuestas de inhabilitaci\u00f3n presentadas en el Congreso, como medida\u00a0 efectiva para el combate a la corrupci\u00f3n e incluir en su debate a la\u00a0 sociedad civil. El Foro\u00a0 contar\u00e1 con la participaci\u00f3n del Dr. Julio Arbizu, procurador anticorrupci\u00f3n, el Dr. C\u00e9sar Landa Arroyo, ex Presidente del Tribunal Constitucional,\u00a0el experto en derecho penal,\u00a0 Dr. Iv\u00e1n Meini M\u00e9ndez y el Dr. Carlos Rivera Paz \u00a0abogado del Instituto de Defensa Legal (IDL) comentar\u00e1 su importancia como instrumento en la lucha contra la Corrupci\u00f3n.<\/span><\/div>\n<div style=\"line-height: 15pt; margin: 0cm 0cm 10pt\"><span style=\"color: #222222; font-size: 10.5pt\">D\u00eda: Jueves, 19 de setiembre del 2013<\/span><span style=\"color: #222222; font-size: 10.5pt\">\u00a0<br \/>\nHora: 9:00 a.m.\u00a0Lugar: Hemiciclo Ra\u00fal Porras Barrenechea del Congreso de la Rep\u00fablica.\u00a0<br \/>\nINGRESO LIBRE<\/span><\/div>\n<p><a href=\"http:\/\/web.hilo.org.pe\/wp-content\/uploads\/afiche-foro-FINAL.jpg\" target=\"_blank\" rel=\"noopener\">Ver archivo adjunto<\/a><\/p>\n","protected":false},"excerpt":{"rendered":"<p>El despacho del congresista Juan Pari Choquecota y el Grupo de Trabajo Contra la Corrupci?n (GTCC), conformado por 13 instituciones de la sociedad civil,  organizan el jueves 19 de setiembre, el Foro ?Delitos de corrupci?n e inhabilitaci?n?.<\/p>\n","protected":false},"author":1,"featured_media":7920,"comment_status":"closed","ping_status":"closed","sticky":false,"template":"","format":"standard","meta":{"footnotes":""},"categories":[9],"tags":[],"class_list":["post-1409","post","type-post","status-publish","format-standard","has-post-thumbnail","hentry","category-noticias"],"_links":{"self":[{"href":"https:\/\/ceas.org.pe\/index.php\/wp-json\/wp\/v2\/posts\/1409","targetHints":{"allow":["GET"]}}],"collection":[{"href":"https:\/\/ceas.org.pe\/index.php\/wp-json\/wp\/v2\/posts"}],"about":[{"href":"https:\/\/ceas.org.pe\/index.php\/wp-json\/wp\/v2\/types\/post"}],"author":[{"embeddable":true,"href":"https:\/\/ceas.org.pe\/index.php\/wp-json\/wp\/v2\/users\/1"}],"replies":[{"embeddable":true,"href":"https:\/\/ceas.org.pe\/index.php\/wp-json\/wp\/v2\/comments?post=1409"}],"version-history":[{"count":1,"href":"https:\/\/ceas.org.pe\/index.php\/wp-json\/wp\/v2\/posts\/1409\/revisions"}],"predecessor-version":[{"id":7809,"href":"https:\/\/ceas.org.pe\/index.php\/wp-json\/wp\/v2\/posts\/1409\/revisions\/7809"}],"wp:featuredmedia":[{"embeddable":true,"href":"https:\/\/ceas.org.pe\/index.php\/wp-json\/wp\/v2\/media\/7920"}],"wp:attachment":[{"href":"https:\/\/ceas.org.pe\/index.php\/wp-json\/wp\/v2\/media?parent=1409"}],"wp:term":[{"taxonomy":"category","embeddable":true,"href":"https:\/\/ceas.org.pe\/index.php\/wp-json\/wp\/v2\/categories?post=1409"},{"taxonomy":"post_tag","embeddable":true,"href":"https:\/\/ceas.org.pe\/index.php\/wp-json\/wp\/v2\/tags?post=1409"}],"curies":[{"name":"wp","href":"https:\/\/api.w.org\/{rel}","templated":true}]}}