{"id":1405,"date":"2013-09-10T08:25:54","date_gmt":"2013-09-10T08:25:54","guid":{"rendered":""},"modified":"2026-03-11T09:12:30","modified_gmt":"2026-03-11T14:12:30","slug":"francisco-visita-centro-de-acogida-de-refugiados-e-inmigrantes","status":"publish","type":"post","link":"https:\/\/ceas.org.pe\/index.php\/2013\/09\/10\/francisco-visita-centro-de-acogida-de-refugiados-e-inmigrantes\/","title":{"rendered":"Francisco visita centro de acogida de refugiados e inmigrantes"},"content":{"rendered":"<p>Est\u00e1 previsto que el Santo Padre salga del Vaticano a las tres y veinte de esta tarde, para llegar unos diez minutos despu\u00e9s al mencionado centro, que se encuentra en pleno coraz\u00f3n de Roma y en cuyo comedor, cada d\u00eda una fila de m\u00e1s de 400 personas, entre solicitantes de asilo y refugiados, espera poder recibir una comida caliente. All\u00ed tendr\u00e1 lugar el encuentro del Papa, que luego ir\u00e1 a la Iglesia romana del Ges\u00fa, tan ligada a la Compa\u00f1\u00eda de Jes\u00fas. Y donde se encuentra tambi\u00e9n la tumba del Padre Pedro Arrupe, fundador del Servicio de los Jesuitas para los Refugiados.<\/p>\n<p>La anunciada y anhelada visita del Santo Padre al Centro Astalli de esta tarde reitera la cercan\u00eda del Papa a una de las periferias existenciales &#8211; como destac\u00f3 \u00e9l mismo en la isla italiana de Lampedusa &#8211; nacida de la cultura del bienestar, que nos hace insensibles a los gritos de los dem\u00e1s, nos lleva a la globalizaci\u00f3n de la indiferencia. <\/p>\n<p>C\u00f3mo no recordar que la primera visita de su pontificado, fue la que realiz\u00f3 el Santo Padre Francisco a la isla italiana de Lampedusa el pasado mes de julio, lugar s\u00edmbolo de otros muchos lugares del mundo en lo que respecta a las tragedias de la emigraci\u00f3n, rezando por los hermanos que han muerto buscando una vida mejor, bendiciendo la caridad y acogida de los que reciben a los m\u00e1s necesitados, alentando a no caer en la indiferencia ante semejantes tragedias y rogando la conversi\u00f3n de los corazones de quienes los explotan y esclavizan.<\/p>\n<p>\n\u00a0<\/p>\n<p><a href=\"http:\/\/web.hilo.org.pe\/wp-content\/uploads\/nino_refugiados_albergue-Roma.JPG\" target=\"_blank\" rel=\"noopener\">Ver archivo adjunto<\/a><\/p>\n","protected":false},"excerpt":{"rendered":"<p>(RV).-A primera hora de esta tarde, el Santo Padre visitar? de forma privada el Centro Astalli de Roma, que es la sede italiana del Servicio Jesuita para los Refugiados. Anunciando esta anhelada visita, el Padre Giovanni La Manna, presidente de este Centro destac? que ??recibir al Papa Francisco entre los refugiados nos llena de inmensa alegr?a y su visita es una bendici?n!?.<\/p>\n","protected":false},"author":1,"featured_media":7855,"comment_status":"closed","ping_status":"closed","sticky":false,"template":"","format":"standard","meta":{"footnotes":""},"categories":[9],"tags":[],"class_list":["post-1405","post","type-post","status-publish","format-standard","has-post-thumbnail","hentry","category-noticias"],"_links":{"self":[{"href":"https:\/\/ceas.org.pe\/index.php\/wp-json\/wp\/v2\/posts\/1405","targetHints":{"allow":["GET"]}}],"collection":[{"href":"https:\/\/ceas.org.pe\/index.php\/wp-json\/wp\/v2\/posts"}],"about":[{"href":"https:\/\/ceas.org.pe\/index.php\/wp-json\/wp\/v2\/types\/post"}],"author":[{"embeddable":true,"href":"https:\/\/ceas.org.pe\/index.php\/wp-json\/wp\/v2\/users\/1"}],"replies":[{"embeddable":true,"href":"https:\/\/ceas.org.pe\/index.php\/wp-json\/wp\/v2\/comments?post=1405"}],"version-history":[{"count":1,"href":"https:\/\/ceas.org.pe\/index.php\/wp-json\/wp\/v2\/posts\/1405\/revisions"}],"predecessor-version":[{"id":7813,"href":"https:\/\/ceas.org.pe\/index.php\/wp-json\/wp\/v2\/posts\/1405\/revisions\/7813"}],"wp:featuredmedia":[{"embeddable":true,"href":"https:\/\/ceas.org.pe\/index.php\/wp-json\/wp\/v2\/media\/7855"}],"wp:attachment":[{"href":"https:\/\/ceas.org.pe\/index.php\/wp-json\/wp\/v2\/media?parent=1405"}],"wp:term":[{"taxonomy":"category","embeddable":true,"href":"https:\/\/ceas.org.pe\/index.php\/wp-json\/wp\/v2\/categories?post=1405"},{"taxonomy":"post_tag","embeddable":true,"href":"https:\/\/ceas.org.pe\/index.php\/wp-json\/wp\/v2\/tags?post=1405"}],"curies":[{"name":"wp","href":"https:\/\/api.w.org\/{rel}","templated":true}]}}