{"id":1398,"date":"2013-09-05T09:07:06","date_gmt":"2013-09-05T09:07:06","guid":{"rendered":""},"modified":"2026-03-11T09:12:30","modified_gmt":"2026-03-11T14:12:30","slug":"cajamarca-retomaron-protestas-contra-mineras-el-23-de-setiembre","status":"publish","type":"post","link":"https:\/\/ceas.org.pe\/index.php\/2013\/09\/05\/cajamarca-retomaron-protestas-contra-mineras-el-23-de-setiembre\/","title":{"rendered":"Cajamarca: Retomar\u00f3n protestas contra mineras el 23 de setiembre"},"content":{"rendered":"<p>Como se recuerda, durante el \u00faltimo fin de semana efectivos policiales desalojaron a los manifestantes y detuvieron a cuatro de ellos en el sector El Empalme, siendo liberados cuatro horas despu\u00e9s.<\/p>\n<p>La asamblea se realiz\u00f3 en la comunidad de Moran Alto en Bambamarca desde horas de la tarde y culmin\u00f3 a la una de la madrugada, seg\u00fan inform\u00f3 el presidente del Frente de Defensa Ambiental de Bambamarca, Eddye Benavides.<\/p>\n<p>Benavides se\u00f1al\u00f3 que lo que se ha hecho es replegarse por el ataque de la DINOES y la Polic\u00eda Nacional y se han reagrupado con el fin de tomar acuerdos. Agreg\u00f3 que se retomar\u00e1n las acciones con nuevas estrategias de acuerdo a la experiencia en el paro pasado.<br \/>\n<strong>Piden frenar la miner\u00eda<\/strong><\/p>\n<p>Adem\u00e1s se\u00f1al\u00f3 que lo que piden para detener las protestas es frenar la expansi\u00f3n minera en las cabeceras de cuenca y que tampoco se otorguen concesiones en esas zonas. \u201cExigimos que se declaren intangibles todas las cabeceras de cuenca y queremos que la autoridad nacional del agua cese de dar permisos de aguas superficiales y subterr\u00e1neas para uso minero porque nos est\u00e1 causando mucho da\u00f1o\u201d, asegur\u00f3.<\/p>\n<p>As\u00ed mismo pidi\u00f3 que se remedien los m\u00e1s de mil 200 pasivos ambientales que se encuentran en Hualgayoc, Bambamarca. Adem\u00e1s, dijo, piden que se investiguen los asesinatos de los dirigentes ambientalistas en la provincia de Santa Cruz y Cajamarca para que no quede en\u00a0 la impunidad.<br \/>\nAl finalizar la asamblea, esta acord\u00f3 reiniciar el paro indefinido el d\u00eda 23 de setiembre. Asimismo, denunciar a la DINOES y a la Polic\u00eda Nacional por\u00a0 violar la propiedad privada en la zona de El Empalme y por la violaci\u00f3n de los derechos humanos por el maltrato y detenci\u00f3n de algunos manifestantes. Finalmente, se va a realizar una asamblea de preparaci\u00f3n el d\u00eda 13 previa al paro del 23 de este mes.<br \/>\n<strong>A favor y en contra<\/strong><\/p>\n<p>Por otro lado, el ex alcalde de Cajamarca, Emilio Horna Pereyra, se\u00f1al\u00f3 ante los medios de comunicaci\u00f3n que el paro que se inici\u00f3 el 29 de agosto contra las empresas mineras ha sido un fracaso manifestando que los que vienen dirigiendo las protestas son \u201cseudoambientalistas\u201d y \u201csenderistas\u201d que han dejado a Cajamarca en la miseria.<\/p>\n<p>Ante esto, el presidente del Frente de Defensa de los Intereses de la regi\u00f3n Cajamarca, Idelso Hern\u00e1ndez, declar\u00f3 que el paro es del pueblo. \u201cPor ende est\u00e1 insultando al pueblo y no van a permitir que un \u2018cad\u00e1ver pol\u00edtico\u2019 como Emilio Horna este declarando de esta manera\u201d, manifest\u00f3.\u00a0 <strong>(Por Juan Arribasplata- noticiasser.pe)<\/strong><\/p>\n<p>\u00a0<br \/>\n\u00a0<\/p>\n<p><a href=\"http:\/\/web.hilo.org.pe\/wp-content\/uploads\/protestas-contra-minera-conga.jpg\" target=\"_blank\" rel=\"noopener\">Ver archivo adjunto<\/a><\/p>\n","protected":false},"excerpt":{"rendered":"<p>Luego de haberse suspendido el paro indefinido contra la expansi?n de las actividades de las empresas mineras Coimolache, Tantahuatay, La Cima, San Nicol?s, La Zanja y Gold Fields en la regi?n Cajamarca y contra el proyecto Conga, el pasado lunes 2 de agosto, de manera urgente, las delegaciones asistentes decidieron reunirse para tomar medidas y reprogramar las manifestaciones.<\/p>\n","protected":false},"author":1,"featured_media":7864,"comment_status":"closed","ping_status":"closed","sticky":false,"template":"","format":"standard","meta":{"footnotes":""},"categories":[9],"tags":[],"class_list":["post-1398","post","type-post","status-publish","format-standard","has-post-thumbnail","hentry","category-noticias"],"_links":{"self":[{"href":"https:\/\/ceas.org.pe\/index.php\/wp-json\/wp\/v2\/posts\/1398","targetHints":{"allow":["GET"]}}],"collection":[{"href":"https:\/\/ceas.org.pe\/index.php\/wp-json\/wp\/v2\/posts"}],"about":[{"href":"https:\/\/ceas.org.pe\/index.php\/wp-json\/wp\/v2\/types\/post"}],"author":[{"embeddable":true,"href":"https:\/\/ceas.org.pe\/index.php\/wp-json\/wp\/v2\/users\/1"}],"replies":[{"embeddable":true,"href":"https:\/\/ceas.org.pe\/index.php\/wp-json\/wp\/v2\/comments?post=1398"}],"version-history":[{"count":1,"href":"https:\/\/ceas.org.pe\/index.php\/wp-json\/wp\/v2\/posts\/1398\/revisions"}],"predecessor-version":[{"id":7820,"href":"https:\/\/ceas.org.pe\/index.php\/wp-json\/wp\/v2\/posts\/1398\/revisions\/7820"}],"wp:featuredmedia":[{"embeddable":true,"href":"https:\/\/ceas.org.pe\/index.php\/wp-json\/wp\/v2\/media\/7864"}],"wp:attachment":[{"href":"https:\/\/ceas.org.pe\/index.php\/wp-json\/wp\/v2\/media?parent=1398"}],"wp:term":[{"taxonomy":"category","embeddable":true,"href":"https:\/\/ceas.org.pe\/index.php\/wp-json\/wp\/v2\/categories?post=1398"},{"taxonomy":"post_tag","embeddable":true,"href":"https:\/\/ceas.org.pe\/index.php\/wp-json\/wp\/v2\/tags?post=1398"}],"curies":[{"name":"wp","href":"https:\/\/api.w.org\/{rel}","templated":true}]}}