{"id":1393,"date":"2013-09-04T08:44:52","date_gmt":"2013-09-04T08:44:52","guid":{"rendered":""},"modified":"2026-03-11T09:12:30","modified_gmt":"2026-03-11T14:12:30","slug":"celam-encuentro-sobre-pastoral-de-la-salud","status":"publish","type":"post","link":"https:\/\/ceas.org.pe\/index.php\/2013\/09\/04\/celam-encuentro-sobre-pastoral-de-la-salud\/","title":{"rendered":"CELAM: Encuentro sobre Pastoral de la Salud"},"content":{"rendered":"<p>Contaran con la presencia de los Obispos: Mons. Julio C\u00e9sar Corniel, Obispo de Puerto Plata, Rep\u00fablica Dominicana; Mons. Valent\u00edn Reynoso Hidalgo, Obispo auxiliar de Santiago de los Caballeros, Rep\u00fablica Dominicana; Mons. Eusebio Ramos Morales, obispo de Fajardo-Humacao, Puerto Rico; Mons. Jos\u00e9 Luis Lacunza, Obispo de David, Panam\u00e1 y Mons. Jorge Serpa, Obispo de Pinar de Rio, Cuba.<\/p>\n<p>Ser\u00e1n un total de 24 participantes, provenientes de los pa\u00edses de: Honduras, Guatemala, M\u00e9xico, Nicaragua, Panam\u00e1, Costa Rica, Cuba, Puerto Rico, Rep\u00fablica Dominicana.<\/p>\n<p>Los Objetivos de esta reuni\u00f3n son:<br \/>\n\u2022\u00a0\u00a0\u00a0 Profundizar en la pastoral de la Salud y la Nueva Evangelizaci\u00f3n, verificando el impacto y la incidencia que la Gu\u00eda \u201cDisc\u00edpulos misioneros en el mundo de la salud\u201d ha tenido en la implementaci\u00f3n de la nueva visi\u00f3n y enfoque de esta pastoral en los distintos pa\u00edses.<br \/>\n\u2022\u00a0\u00a0\u00a0 Definir el compromiso y las acciones concretas que responder\u00e1n a las necesidades m\u00e1s relevantes en el mundo de la salud incluyendo una revisi\u00f3n local sobre el estado del arte de los temas de humanizaci\u00f3n, VIH\/SIDA, cuidados paliativos. <strong>(Fuente: www.celam.org)<\/strong><\/p>\n<p>\u00a0<\/p>\n<p><a href=\"http:\/\/web.hilo.org.pe\/wp-content\/uploads\/pastoral-de-la-salud-celam.jpg\" target=\"_blank\" rel=\"noopener\">Ver archivo adjunto<\/a><\/p>\n","protected":false},"excerpt":{"rendered":"<p>El Departamento de Justicia y solidaridad, realizara en la ciudad de Panam? del 16 al 20 de septiembre de 2013, el Encuentro sobre Pastoral de la Salud para las Regiones de CAMEXPA (Centroam?rica, M?xico, Panam?), y Regi?n Antillas y El Caribe.<\/p>\n","protected":false},"author":1,"featured_media":7862,"comment_status":"closed","ping_status":"closed","sticky":false,"template":"","format":"standard","meta":{"footnotes":""},"categories":[9],"tags":[],"class_list":["post-1393","post","type-post","status-publish","format-standard","has-post-thumbnail","hentry","category-noticias"],"_links":{"self":[{"href":"https:\/\/ceas.org.pe\/index.php\/wp-json\/wp\/v2\/posts\/1393","targetHints":{"allow":["GET"]}}],"collection":[{"href":"https:\/\/ceas.org.pe\/index.php\/wp-json\/wp\/v2\/posts"}],"about":[{"href":"https:\/\/ceas.org.pe\/index.php\/wp-json\/wp\/v2\/types\/post"}],"author":[{"embeddable":true,"href":"https:\/\/ceas.org.pe\/index.php\/wp-json\/wp\/v2\/users\/1"}],"replies":[{"embeddable":true,"href":"https:\/\/ceas.org.pe\/index.php\/wp-json\/wp\/v2\/comments?post=1393"}],"version-history":[{"count":1,"href":"https:\/\/ceas.org.pe\/index.php\/wp-json\/wp\/v2\/posts\/1393\/revisions"}],"predecessor-version":[{"id":7825,"href":"https:\/\/ceas.org.pe\/index.php\/wp-json\/wp\/v2\/posts\/1393\/revisions\/7825"}],"wp:featuredmedia":[{"embeddable":true,"href":"https:\/\/ceas.org.pe\/index.php\/wp-json\/wp\/v2\/media\/7862"}],"wp:attachment":[{"href":"https:\/\/ceas.org.pe\/index.php\/wp-json\/wp\/v2\/media?parent=1393"}],"wp:term":[{"taxonomy":"category","embeddable":true,"href":"https:\/\/ceas.org.pe\/index.php\/wp-json\/wp\/v2\/categories?post=1393"},{"taxonomy":"post_tag","embeddable":true,"href":"https:\/\/ceas.org.pe\/index.php\/wp-json\/wp\/v2\/tags?post=1393"}],"curies":[{"name":"wp","href":"https:\/\/api.w.org\/{rel}","templated":true}]}}