{"id":1392,"date":"2013-09-03T11:30:20","date_gmt":"2013-09-03T11:30:20","guid":{"rendered":""},"modified":"2026-03-11T09:12:30","modified_gmt":"2026-03-11T14:12:30","slug":"papa-francisco-llama-a-una-jornada-de-oracion-y-ayuno-por-la-paz-en-siria-y-en-el-mundo","status":"publish","type":"post","link":"https:\/\/ceas.org.pe\/index.php\/2013\/09\/03\/papa-francisco-llama-a-una-jornada-de-oracion-y-ayuno-por-la-paz-en-siria-y-en-el-mundo\/","title":{"rendered":"PAPA FRANCISCO LLAMA A UNA JORNADA DE ORACI\u00f3N Y AYUNO POR LA PAZ EN SIRIA Y EN EL MUNDO"},"content":{"rendered":"<p>\u00a0<\/p>\n<div><b><u><span style=\"font-size: 11pt\">Nota de Prensa N\u00ba 014-2013<\/span><\/u><\/b><\/div>\n<div><b>\u00a0<\/b><\/div>\n<div align=\"center\"><b><span style=\"font-size: 14pt\">PAPA FRANCISCO LLAMA A UNA JORNADA DE ORACI\u00d3N Y AYUNO POR LA PAZ EN SIRIA Y EN EL MUNDO<\/span><\/b><\/div>\n<div>\u00a0<\/div>\n<div>En el rezo del \u00c1ngelus, el Papa Francisco convoc\u00f3 a todo el mundo para una Jornada de Oraci\u00f3n y Ayuno por la Paz en Siria, Oriente Medio y el Mundo, para este s\u00e1bado 7 de setiembre, v\u00edspera de la Natividad de la Sant\u00edsima Virgen Mar\u00eda, Reina de la Paz.<\/div>\n<div>\u00a0<\/div>\n<div>El Santo Padre presidir\u00e1 esta Vigilia de Oraci\u00f3n ese d\u00eda, en la Plaza de San Pedro, desde las 19:00 horas (Roma) hasta las 24:00 horas.<\/div>\n<div>\u00a0<\/div>\n<div>Por ello el Sumo Pont\u00edfice invita a toda la Iglesia en general a unirse a esta Jornada de Oraci\u00f3n y Ayuno, invocando a Dios el deseado don de la paz en Siria y para todos los pueblos de aquella regi\u00f3n tan castigados y para todas las situaciones de conflicto y de violencia en el mundo.<\/div>\n<div>\u00a0<\/div>\n<div>Invocamos a todas las comunidades parroquiales, movimientos y grupos a promover y organizar esta Jornada de Oraci\u00f3n y Ayuno en sus comunidades, durante ese d\u00eda, para unirnos al pedido del Santo Padre, y pedir por la paz en el mundo, recalcando sus palabras: <i>\u201cQueremos un mundo de paz, queremos que en nuestra sociedad, desgarrada por divisiones y conflictos, estalle la paz; \u00a1nunca m\u00e1s la guerra! La paz es un don demasiado precioso, que tiene que ser promovido y tutelado\u201d<\/i>.<\/div>\n<div>\u00a0<\/div>\n<div align=\"right\">Con el ruego de su difusi\u00f3n<\/div>\n<div align=\"right\">\u00a0<\/div>\n<div align=\"right\">Oficina de Prensa<\/div>\n<div>\u00a0<\/div>\n<div>Lima, 3 de Setiembre de 2013<\/div>\n<p><a href=\"http:\/\/web.hilo.org.pe\/wp-content\/uploads\/CEP.jpg\" target=\"_blank\" rel=\"noopener\">Ver archivo adjunto<\/a><\/p>\n","protected":false},"excerpt":{"rendered":"<p>Invocamos a todas las comunidades parroquiales, movimientos y grupos a promover y organizar esta Jornada de Oraci?n y Ayuno en sus comunidades, durante ese d?a, para unirnos al pedido del Santo Padre, y pedir por la paz en el mundo, recalcando sus palabras: ?Queremos un mundo de paz, queremos que en nuestra sociedad, desgarrada por divisiones y conflictos, estalle la paz; ?nunca m?s la guerra! La paz es un don demasiado precioso, que tiene que ser promovido y tutelado?.<\/p>\n","protected":false},"author":1,"featured_media":7855,"comment_status":"closed","ping_status":"closed","sticky":false,"template":"","format":"standard","meta":{"footnotes":""},"categories":[9],"tags":[],"class_list":["post-1392","post","type-post","status-publish","format-standard","has-post-thumbnail","hentry","category-noticias"],"_links":{"self":[{"href":"https:\/\/ceas.org.pe\/index.php\/wp-json\/wp\/v2\/posts\/1392","targetHints":{"allow":["GET"]}}],"collection":[{"href":"https:\/\/ceas.org.pe\/index.php\/wp-json\/wp\/v2\/posts"}],"about":[{"href":"https:\/\/ceas.org.pe\/index.php\/wp-json\/wp\/v2\/types\/post"}],"author":[{"embeddable":true,"href":"https:\/\/ceas.org.pe\/index.php\/wp-json\/wp\/v2\/users\/1"}],"replies":[{"embeddable":true,"href":"https:\/\/ceas.org.pe\/index.php\/wp-json\/wp\/v2\/comments?post=1392"}],"version-history":[{"count":1,"href":"https:\/\/ceas.org.pe\/index.php\/wp-json\/wp\/v2\/posts\/1392\/revisions"}],"predecessor-version":[{"id":7826,"href":"https:\/\/ceas.org.pe\/index.php\/wp-json\/wp\/v2\/posts\/1392\/revisions\/7826"}],"wp:featuredmedia":[{"embeddable":true,"href":"https:\/\/ceas.org.pe\/index.php\/wp-json\/wp\/v2\/media\/7855"}],"wp:attachment":[{"href":"https:\/\/ceas.org.pe\/index.php\/wp-json\/wp\/v2\/media?parent=1392"}],"wp:term":[{"taxonomy":"category","embeddable":true,"href":"https:\/\/ceas.org.pe\/index.php\/wp-json\/wp\/v2\/categories?post=1392"},{"taxonomy":"post_tag","embeddable":true,"href":"https:\/\/ceas.org.pe\/index.php\/wp-json\/wp\/v2\/tags?post=1392"}],"curies":[{"name":"wp","href":"https:\/\/api.w.org\/{rel}","templated":true}]}}