{"id":1389,"date":"2013-09-03T09:23:15","date_gmt":"2013-09-03T09:23:15","guid":{"rendered":""},"modified":"2026-03-11T09:12:30","modified_gmt":"2026-03-11T14:12:30","slug":"coritas-del-pero-inicia-campaoa-para-ayudar-a-poblados-afectados-por-heladas","status":"publish","type":"post","link":"https:\/\/ceas.org.pe\/index.php\/2013\/09\/03\/coritas-del-pero-inicia-campaoa-para-ayudar-a-poblados-afectados-por-heladas\/","title":{"rendered":"C\u00f3ritas del Per\u00f3 inicia campa\u00f3a para ayudar a poblados afectados por heladas"},"content":{"rendered":"<p>Cada a\u00f1o, amigos como t\u00fa nos apoyan envi\u00e1ndonos ropa de abrigo. Y por eso estamos muy agradecidos. Pero hoy queremos pedirte que nos ayudes con algo distinto, una soluci\u00f3n sostenible: <\/p>\n<p>C\u00c1RITAS ANTE EL FR\u00cdO propone que ayudes al menos a una familia para que pueda tener una vivienda mejor acondicionada, con cocina mejorada, sin grietas, con pisos aislados para un mejor confort t\u00e9rmico y poder sobrevivir al fr\u00edo, \u00e9ste y varios a\u00f1os m\u00e1s. <\/p>\n<p>T\u00fa puedes involucrar a tus colaboradores para lograr el financiamiento que necesitamos con urgencia para mejorar nuestras condiciones de vida. <\/p>\n<p>\u00bfA cu\u00e1ntas familias puedes ayudar t\u00fa? <\/p>\n<p>Comun\u00edcate con C\u00e1ritas del Per\u00fa para conocer las opciones de ayuda:<\/p>\n<p><strong>Tel\u00e9fono: 6135200 <br \/>\nemail: bajastemperaturas@caritas.org.pe <br \/>\nWebsite: www.caritas.org.pe<\/strong><\/p>\n<p>Los aportes econ\u00f3micos podr\u00e1n realizarse en: <\/p>\n<p>\u00a0<strong>Banco de Cr\u00e9dito del Per\u00fa<\/p>\n<p>Cuenta Corriente Soles\u00a0\u00a0\u00a0\u00a0\u00a0 \u00a0\u00a0\u00a0 193-2093474-0-00<\/p>\n<p>Cuenta Corriente D\u00f3lares\u00a0\u00a0\u00a0\u00a0\u00a0\u00a0 \u00a0\u00a0\u00a0 193-2090497-1-39<\/strong><br \/>\n\u00a0<br \/>\n\u00a1Muchas gracias como siempre!<\/p>\n<p><a href=\"http:\/\/web.hilo.org.pe\/wp-content\/uploads\/20130903_imagen-friajeHeladas.jpg\" target=\"_blank\" rel=\"noopener\">Ver archivo adjunto<\/a><\/p>\n","protected":false},"excerpt":{"rendered":"<p>El fr?o congela todo por aqu?: nuestras cosechas, animales, casas, a nosotros mismos. Pero no es capaz de enfriar nuestra esperanza y nuestras ganas de querer vivir con dignidad.<\/p>\n","protected":false},"author":1,"featured_media":7848,"comment_status":"closed","ping_status":"closed","sticky":false,"template":"","format":"standard","meta":{"footnotes":""},"categories":[9],"tags":[],"class_list":["post-1389","post","type-post","status-publish","format-standard","has-post-thumbnail","hentry","category-noticias"],"_links":{"self":[{"href":"https:\/\/ceas.org.pe\/index.php\/wp-json\/wp\/v2\/posts\/1389","targetHints":{"allow":["GET"]}}],"collection":[{"href":"https:\/\/ceas.org.pe\/index.php\/wp-json\/wp\/v2\/posts"}],"about":[{"href":"https:\/\/ceas.org.pe\/index.php\/wp-json\/wp\/v2\/types\/post"}],"author":[{"embeddable":true,"href":"https:\/\/ceas.org.pe\/index.php\/wp-json\/wp\/v2\/users\/1"}],"replies":[{"embeddable":true,"href":"https:\/\/ceas.org.pe\/index.php\/wp-json\/wp\/v2\/comments?post=1389"}],"version-history":[{"count":1,"href":"https:\/\/ceas.org.pe\/index.php\/wp-json\/wp\/v2\/posts\/1389\/revisions"}],"predecessor-version":[{"id":7828,"href":"https:\/\/ceas.org.pe\/index.php\/wp-json\/wp\/v2\/posts\/1389\/revisions\/7828"}],"wp:featuredmedia":[{"embeddable":true,"href":"https:\/\/ceas.org.pe\/index.php\/wp-json\/wp\/v2\/media\/7848"}],"wp:attachment":[{"href":"https:\/\/ceas.org.pe\/index.php\/wp-json\/wp\/v2\/media?parent=1389"}],"wp:term":[{"taxonomy":"category","embeddable":true,"href":"https:\/\/ceas.org.pe\/index.php\/wp-json\/wp\/v2\/categories?post=1389"},{"taxonomy":"post_tag","embeddable":true,"href":"https:\/\/ceas.org.pe\/index.php\/wp-json\/wp\/v2\/tags?post=1389"}],"curies":[{"name":"wp","href":"https:\/\/api.w.org\/{rel}","templated":true}]}}