{"id":1384,"date":"2013-08-27T22:55:54","date_gmt":"2013-08-27T22:55:54","guid":{"rendered":""},"modified":"2026-03-11T09:12:30","modified_gmt":"2026-03-11T14:12:30","slug":"102o-asamblea-de-los-obispos-del-pero","status":"publish","type":"post","link":"https:\/\/ceas.org.pe\/index.php\/2013\/08\/27\/102o-asamblea-de-los-obispos-del-pero\/","title":{"rendered":"102\u00f3 Asamblea de los Obispos del Per\u00f3"},"content":{"rendered":"<p>\u00a0<\/p>\n<div align=\"center\"><b><i><span style=\"font-size: 18pt\">Conferencia Episcopal Peruana<\/span><\/i><\/b><\/div>\n<div><b>\u00a0<\/b><\/div>\n<div><b>\u00a0<\/b><\/div>\n<div><b><u><span style=\"font-size: 11pt\">Nota de Prensa N\u00ba 011-2013<\/span><\/u><\/b><\/div>\n<div>\u00a0<\/div>\n<div>\u00a0<\/div>\n<div align=\"center\"><b><span style=\"font-size: 14pt\">MA\u00d1ANA, SE INICIAR\u00c1 LA 102\u00aa ASAMBLEA DE LOS OBISPOS DEL PER\u00da<\/span><\/b><\/div>\n<div>\u00a0<\/div>\n<div>Con una Solemne Misa, concelebrada por todos los Obispos del Per\u00fa, ma\u00f1ana se dar\u00e1 inicio a la 102\u00aa Asamblea del Episcopado Peruano. La Eucarist\u00eda se oficiar\u00e1 a las 9:30 de la ma\u00f1ana, en la Parroquia San Antonio de Padua, ubicada en la Avenida San Felipe s\/n \u2013 Jes\u00fas Mar\u00eda. Luego de la Santa Misa los Obispos del Per\u00fa se dirigir\u00e1n a la sede del Episcopado Peruano para dar inicio a las sesiones de Asamblea.<\/div>\n<div>\u00a0<\/div>\n<div>La Asamblea Plenaria es el \u00f3rgano supremo de la Conferencia Episcopal, integrada por todos los Obispos de las 45 jurisdicciones eclesi\u00e1sticas del Per\u00fa, as\u00ed como los Obispos Coadjutores y Auxiliares de las di\u00f3cesis. El Episcopado Peruano se re\u00fane anualmente en Asamblea Plenaria, en sesi\u00f3n ordinaria. En caso que lo exija motivos urgentes o a pedido de las dos terceras partes de sus miembros, se realizan sesiones extraordinarias durante el a\u00f1o.<\/div>\n<div>\u00a0<\/div>\n<div align=\"right\">Agradecidos por su difusi\u00f3n,<\/div>\n<div align=\"right\">\u00a0<\/div>\n<div align=\"right\">Oficina de Prensa<\/div>\n<div>\u00a0<\/div>\n<div>Lima, 19 de agosto de 2013<\/div>\n<div>\u00a0<\/div>\n<p><a href=\"http:\/\/web.hilo.org.pe\/wp-content\/uploads\/logo CEP.jpg\" target=\"_blank\" rel=\"noopener\">Ver archivo adjunto<\/a><\/p>\n","protected":false},"excerpt":{"rendered":"<p>Con una Solemne Misa, concelebrada por todos los Obispos del Per?, el 20 de agosto se inicio a la 102? Asamblea del Episcopado Peruano. La Eucarist?a se ofici? a las 9:30 de la ma?ana, en la Parroquia San Antonio de Padua en Jes?s Mar?a. Luego de la Santa Misa los Obispos del Per? se dirigieron a la sede del Episcopado Peruano para dar inicio a las sesiones de Asamblea.<\/p>\n","protected":false},"author":1,"featured_media":1232,"comment_status":"closed","ping_status":"closed","sticky":false,"template":"","format":"standard","meta":{"footnotes":""},"categories":[9],"tags":[],"class_list":["post-1384","post","type-post","status-publish","format-standard","has-post-thumbnail","hentry","category-noticias"],"_links":{"self":[{"href":"https:\/\/ceas.org.pe\/index.php\/wp-json\/wp\/v2\/posts\/1384","targetHints":{"allow":["GET"]}}],"collection":[{"href":"https:\/\/ceas.org.pe\/index.php\/wp-json\/wp\/v2\/posts"}],"about":[{"href":"https:\/\/ceas.org.pe\/index.php\/wp-json\/wp\/v2\/types\/post"}],"author":[{"embeddable":true,"href":"https:\/\/ceas.org.pe\/index.php\/wp-json\/wp\/v2\/users\/1"}],"replies":[{"embeddable":true,"href":"https:\/\/ceas.org.pe\/index.php\/wp-json\/wp\/v2\/comments?post=1384"}],"version-history":[{"count":1,"href":"https:\/\/ceas.org.pe\/index.php\/wp-json\/wp\/v2\/posts\/1384\/revisions"}],"predecessor-version":[{"id":7833,"href":"https:\/\/ceas.org.pe\/index.php\/wp-json\/wp\/v2\/posts\/1384\/revisions\/7833"}],"wp:featuredmedia":[{"embeddable":true,"href":"https:\/\/ceas.org.pe\/index.php\/wp-json\/wp\/v2\/media\/1232"}],"wp:attachment":[{"href":"https:\/\/ceas.org.pe\/index.php\/wp-json\/wp\/v2\/media?parent=1384"}],"wp:term":[{"taxonomy":"category","embeddable":true,"href":"https:\/\/ceas.org.pe\/index.php\/wp-json\/wp\/v2\/categories?post=1384"},{"taxonomy":"post_tag","embeddable":true,"href":"https:\/\/ceas.org.pe\/index.php\/wp-json\/wp\/v2\/tags?post=1384"}],"curies":[{"name":"wp","href":"https:\/\/api.w.org\/{rel}","templated":true}]}}