{"id":1244,"date":"2020-11-15T09:58:15","date_gmt":"2020-11-15T14:58:15","guid":{"rendered":"http:\/\/web.hilo.org.pe\/?p=1244"},"modified":"2026-03-12T22:07:12","modified_gmt":"2026-03-13T03:07:12","slug":"tiende-tu-mano-al-pobre","status":"publish","type":"post","link":"https:\/\/ceas.org.pe\/index.php\/2020\/11\/15\/tiende-tu-mano-al-pobre\/","title":{"rendered":"TIENDE TU MANO AL POBRE"},"content":{"rendered":"<p>Es el tema que nos convoca en esta IV Jornada Mundial de los Pobres en la que el Papa Francisco nos invita a tender de manera permanente nuestra mano a los pobres que necesitan la caricia de Dios, para sentirse dignos y amados.<\/p>\n<p>El Presente material quiere ser un instrumento de ayuda para los agentes de Pastoral, recordando que el Papa Francisco nos dice que la caridad hay que vivirla d\u00eda a d\u00eda y no s\u00f3lo en esta jornada.<\/p>\n<a href=\"https:\/\/ceas.org.pe\/wp-content\/uploads\/0000000_iv_jornada_mundial_de_los_pobres_azul2_1-1.pdf\" class=\"pdfemb-viewer\" style=\"\" data-width=\"max\" data-height=\"max\" data-toolbar=\"bottom\" data-toolbar-fixed=\"off\">0000000_iv_jornada_mundial_de_los_pobres_azul2_1<\/a>\n","protected":false},"excerpt":{"rendered":"<p>Es el tema que nos convoca en esta IV Jornada Mundial de los Pobres en la que el Papa Francisco nos invita a tender de manera permanente nuestra mano a los pobres que necesitan la caricia de Dios, para sentirse dignos y amados. El Presente material quiere ser un instrumento de ayuda para los agentes [&hellip;]<\/p>\n","protected":false},"author":1,"featured_media":1246,"comment_status":"closed","ping_status":"closed","sticky":false,"template":"","format":"standard","meta":{"footnotes":""},"categories":[5],"tags":[],"class_list":["post-1244","post","type-post","status-publish","format-standard","has-post-thumbnail","hentry","category-publicaciones"],"_links":{"self":[{"href":"https:\/\/ceas.org.pe\/index.php\/wp-json\/wp\/v2\/posts\/1244","targetHints":{"allow":["GET"]}}],"collection":[{"href":"https:\/\/ceas.org.pe\/index.php\/wp-json\/wp\/v2\/posts"}],"about":[{"href":"https:\/\/ceas.org.pe\/index.php\/wp-json\/wp\/v2\/types\/post"}],"author":[{"embeddable":true,"href":"https:\/\/ceas.org.pe\/index.php\/wp-json\/wp\/v2\/users\/1"}],"replies":[{"embeddable":true,"href":"https:\/\/ceas.org.pe\/index.php\/wp-json\/wp\/v2\/comments?post=1244"}],"version-history":[{"count":3,"href":"https:\/\/ceas.org.pe\/index.php\/wp-json\/wp\/v2\/posts\/1244\/revisions"}],"predecessor-version":[{"id":8227,"href":"https:\/\/ceas.org.pe\/index.php\/wp-json\/wp\/v2\/posts\/1244\/revisions\/8227"}],"wp:featuredmedia":[{"embeddable":true,"href":"https:\/\/ceas.org.pe\/index.php\/wp-json\/wp\/v2\/media\/1246"}],"wp:attachment":[{"href":"https:\/\/ceas.org.pe\/index.php\/wp-json\/wp\/v2\/media?parent=1244"}],"wp:term":[{"taxonomy":"category","embeddable":true,"href":"https:\/\/ceas.org.pe\/index.php\/wp-json\/wp\/v2\/categories?post=1244"},{"taxonomy":"post_tag","embeddable":true,"href":"https:\/\/ceas.org.pe\/index.php\/wp-json\/wp\/v2\/tags?post=1244"}],"curies":[{"name":"wp","href":"https:\/\/api.w.org\/{rel}","templated":true}]}}