{"id":1230,"date":"2021-09-30T06:37:33","date_gmt":"2021-09-30T11:37:33","guid":{"rendered":"http:\/\/web.hilo.org.pe\/?p=1230"},"modified":"2026-03-12T22:08:51","modified_gmt":"2026-03-13T03:08:51","slug":"la-escucha-en-la-1a-asamblea-eclesial-para-america-latina-y-el-caribe","status":"publish","type":"post","link":"https:\/\/ceas.org.pe\/index.php\/2021\/09\/30\/la-escucha-en-la-1a-asamblea-eclesial-para-america-latina-y-el-caribe\/","title":{"rendered":"LA ESCUCHA EN LA PRIMERA  ASAMBLEA ECLESIAL PARA AM\u00c9RICA LATINA Y EL CARIBE"},"content":{"rendered":"<p>La Iglesia en Am\u00e9rica Latina y el Caribe se ha puesto en genuina actitud de escucha, con la convicci\u00f3n de que en este \u201ckair\u00f3s\u201d, que es el tiempo propicio de Dios, estamos llamados a escuchar la voz del Esp\u00edritu Santo que emana con fuerza innegable en el pueblo. La 1era. Asamblea Eclesial es, en su conjunto, un proceso que quiere asistir en el discernimiento en com\u00fan de la Iglesia (y de la sociedad que quiera dejarse interpelar) para responder de modo m\u00e1s genuino y leg\u00edtimo ante los signos de los tiempos de nuestra regi\u00f3n, para impulsar con m\u00e1s fuerza su misi\u00f3n salv\u00edfica integral, y para seguir dilucidando los nuevos caminos para un seguimiento m\u00e1s pleno del Se\u00f1or de la vida.<\/p>\n<a href=\"https:\/\/ceas.org.pe\/wp-content\/uploads\/0000000_s_ntesis_narrativa_asamblea_eclesial-1.pdf\" class=\"pdfemb-viewer\" style=\"\" data-width=\"max\" data-height=\"max\" data-toolbar=\"bottom\" data-toolbar-fixed=\"off\">0000000_s_ntesis_narrativa_asamblea_eclesial<\/a>\n","protected":false},"excerpt":{"rendered":"<p>La Iglesia en Am\u00e9rica Latina y el Caribe se ha puesto en genuina actitud de escucha, con la convicci\u00f3n de que en este \u201ckair\u00f3s\u201d, que es el tiempo propicio de Dios, estamos llamados a escuchar la voz del Esp\u00edritu Santo que emana con fuerza innegable en el pueblo. La 1era. Asamblea Eclesial es, en su [&hellip;]<\/p>\n","protected":false},"author":1,"featured_media":1232,"comment_status":"closed","ping_status":"closed","sticky":false,"template":"","format":"standard","meta":{"footnotes":""},"categories":[5],"tags":[],"class_list":["post-1230","post","type-post","status-publish","format-standard","has-post-thumbnail","hentry","category-publicaciones"],"_links":{"self":[{"href":"https:\/\/ceas.org.pe\/index.php\/wp-json\/wp\/v2\/posts\/1230","targetHints":{"allow":["GET"]}}],"collection":[{"href":"https:\/\/ceas.org.pe\/index.php\/wp-json\/wp\/v2\/posts"}],"about":[{"href":"https:\/\/ceas.org.pe\/index.php\/wp-json\/wp\/v2\/types\/post"}],"author":[{"embeddable":true,"href":"https:\/\/ceas.org.pe\/index.php\/wp-json\/wp\/v2\/users\/1"}],"replies":[{"embeddable":true,"href":"https:\/\/ceas.org.pe\/index.php\/wp-json\/wp\/v2\/comments?post=1230"}],"version-history":[{"count":3,"href":"https:\/\/ceas.org.pe\/index.php\/wp-json\/wp\/v2\/posts\/1230\/revisions"}],"predecessor-version":[{"id":8223,"href":"https:\/\/ceas.org.pe\/index.php\/wp-json\/wp\/v2\/posts\/1230\/revisions\/8223"}],"wp:featuredmedia":[{"embeddable":true,"href":"https:\/\/ceas.org.pe\/index.php\/wp-json\/wp\/v2\/media\/1232"}],"wp:attachment":[{"href":"https:\/\/ceas.org.pe\/index.php\/wp-json\/wp\/v2\/media?parent=1230"}],"wp:term":[{"taxonomy":"category","embeddable":true,"href":"https:\/\/ceas.org.pe\/index.php\/wp-json\/wp\/v2\/categories?post=1230"},{"taxonomy":"post_tag","embeddable":true,"href":"https:\/\/ceas.org.pe\/index.php\/wp-json\/wp\/v2\/tags?post=1230"}],"curies":[{"name":"wp","href":"https:\/\/api.w.org\/{rel}","templated":true}]}}